{"id":3572,"date":"2013-07-28T10:15:45","date_gmt":"2013-07-28T08:15:45","guid":{"rendered":"http:\/\/storytellers.se\/?p=3572"},"modified":"2013-07-28T10:15:45","modified_gmt":"2013-07-28T08:15:45","slug":"da-nu-sen","status":"publish","type":"post","link":"https:\/\/storytellers.se\/?p=3572","title":{"rendered":"D\u00e5, Nu &amp; Sen"},"content":{"rendered":"<p>F\u00f6r att kunna tala om organisationsber\u00e4ttelser utan att trassla in sig i f\u00f6r mycket filosofi brukar jag rita upp en enkel tidslinje: <em>D\u00e5, Nu &amp; Sen<\/em>. Var kommer vi ifr\u00e5n, var befinner vi oss och vart \u00e4r vi p\u00e5 v\u00e4g? En enkel tanke \u00f6ver alltings f\u00f6r\u00e4nderlighet p\u00e5 ett s\u00e4tt som alla f\u00f6rst\u00e5r.<\/p>\n<p>P\u00e5 denna tidslinje kan vi samla sanna ber\u00e4ttelser.<\/p>\n<p><strong>D\u00e5:et:<\/strong><\/p>\n<p>En del fr\u00e5n det f\u00f6rflutna har giltighet f\u00f6r dagens verklighet och dagens v\u00e4rderingar. Annat \u00e4r v\u00e4rdefullt i och f\u00f6r sig men inte av st\u00f6rre v\u00e4rde i dag f\u00f6r att driva verksamheten fram\u00e5t. Mera av historiskt intresse. Men vi beh\u00f6ver svar p\u00e5 fr\u00e5gorna: <em>Varf\u00f6r blev vi till och av vilken anledning<\/em>.<\/p>\n<p><strong>Nu:et:<\/strong><\/p>\n<p>Vad g\u00f6r vi? Varf\u00f6r finns vi? Vad \u00e4r nyttan med detta? H\u00e4r s\u00f6ker vi dagsaktuella ber\u00e4ttelser fr\u00e5n medarbetare, kunder, \u00e4gare mm som befolkar varum\u00e4rket och synligg\u00f6r id\u00e9er, varor och tj\u00e4nster. H\u00e4r kan man ocks\u00e5 plocka in bekr\u00e4ftande ber\u00e4ttelser fr\u00e5n D\u00e5:et f\u00f6r att markera utveckling och kontinuitet.<\/p>\n<p><strong>Sen:et:<\/strong><\/p>\n<p>Vart \u00e4r vi p\u00e5 v\u00e4g. Finns framtiden redan bland oss i dag? Hur ser den i s\u00e5 fall ut? S\u00f6k h\u00e4ndelser som guidar oss in i framtiden. Kan vi till och med agera och regissera oss f\u00f6r att skapa ber\u00e4ttelser som bygger framtid?<\/p>\n<p>S\u00e5 ser en enkel f\u00f6rsta reflektion ut n\u00e4r man l\u00e4gger upp planen f\u00f6r bra <strong>Corporate Storytelling<\/strong>. Jag ber\u00e4ttar g\u00e4rna mer. Kontakta mig p\u00e5 matts@storytellers.se<\/p>\n<p>&nbsp;<\/p>\n","protected":false},"excerpt":{"rendered":"<p>F\u00f6r att kunna tala om organisationsber\u00e4ttelser utan att trassla in sig i f\u00f6r mycket filosofi brukar jag rita upp en enkel tidslinje: D\u00e5, Nu &amp; Sen. Var kommer vi ifr\u00e5n, var befinner vi oss och vart \u00e4r vi p\u00e5 v\u00e4g? En enkel tanke \u00f6ver alltings f\u00f6r\u00e4nderlighet p\u00e5 ett s\u00e4tt som alla f\u00f6rst\u00e5r. P\u00e5 denna tidslinje&#8230;<\/p>\n","protected":false},"author":2,"featured_media":0,"comment_status":"open","ping_status":"open","sticky":false,"template":"","format":"link","meta":[],"categories":[2],"tags":[],"_links":{"self":[{"href":"https:\/\/storytellers.se\/index.php?rest_route=\/wp\/v2\/posts\/3572"}],"collection":[{"href":"https:\/\/storytellers.se\/index.php?rest_route=\/wp\/v2\/posts"}],"about":[{"href":"https:\/\/storytellers.se\/index.php?rest_route=\/wp\/v2\/types\/post"}],"author":[{"embeddable":true,"href":"https:\/\/storytellers.se\/index.php?rest_route=\/wp\/v2\/users\/2"}],"replies":[{"embeddable":true,"href":"https:\/\/storytellers.se\/index.php?rest_route=%2Fwp%2Fv2%2Fcomments&post=3572"}],"version-history":[{"count":0,"href":"https:\/\/storytellers.se\/index.php?rest_route=\/wp\/v2\/posts\/3572\/revisions"}],"wp:attachment":[{"href":"https:\/\/storytellers.se\/index.php?rest_route=%2Fwp%2Fv2%2Fmedia&parent=3572"}],"wp:term":[{"taxonomy":"category","embeddable":true,"href":"https:\/\/storytellers.se\/index.php?rest_route=%2Fwp%2Fv2%2Fcategories&post=3572"},{"taxonomy":"post_tag","embeddable":true,"href":"https:\/\/storytellers.se\/index.php?rest_route=%2Fwp%2Fv2%2Ftags&post=3572"}],"curies":[{"name":"wp","href":"https:\/\/api.w.org\/{rel}","templated":true}]}}