{"id":3563,"date":"2013-07-26T15:55:03","date_gmt":"2013-07-26T13:55:03","guid":{"rendered":"http:\/\/storytellers.se\/?p=3563"},"modified":"2013-07-26T15:55:03","modified_gmt":"2013-07-26T13:55:03","slug":"teser-utan-stories-lever-inte","status":"publish","type":"post","link":"https:\/\/storytellers.se\/?p=3563","title":{"rendered":"Teser utan stories lever inte"},"content":{"rendered":"<p>Jag l\u00e4ste en text av <strong>Ashraf Ramzy<\/strong> d\u00e4r han ber\u00e4ttade att han som ung nyexaminerad strategikonsult f\u00f6r ca 25 \u00e5r sedan fick \u00a0en fr\u00e5ga av en erfaren \u00e4ldre strategikonsult, bekant med hans pappa.<\/p>\n<p>\u2013 Vad tycker du d\u00e5 som nyexaminerad att en strategikonsult \u00e4r f\u00f6r n\u00e5got och vad ska en s\u00e5dan g\u00f6ra?<\/p>\n<p>Ashraf Ramzy svarade, p\u00e5 sitt ungdomliga universitetsakdemiska vis, med en teoretisk f\u00f6rklaring som han inte minns i dag men han utg\u00e5r fr\u00e5n att den f\u00f6rmodligen var&#8221;f\u00e5nig&#8221; eftersom han inte varit i verkligheten utan \u00e4nnu s\u00e5 l\u00e4ngre bara i teorin.<\/p>\n<p>D\u00e5 svarade den erfarne ungef\u00e4r som att att <em>strategi<\/em> \u00e4r att fokusera r\u00e4tt. <em>Taktik<\/em>\u00a0\u00e4r att l\u00e4gga upp en plan p\u00e5 r\u00e4tt s\u00e4tt. <em>Genomf\u00f6randet<\/em>\u00a0\u00e4r att f\u00e5 till det hela enligt plan.<\/p>\n<p>Det \u00e4r kul med s\u00e5dana d\u00e4r teser.<\/p>\n<p>F\u00f6r mig som en <strong><em>Corporate Storyteller<\/em><\/strong> \u00e4r det emellertid viktigt att befolka steg som dessa. Vad betyder detta?<\/p>\n<p>Hur g\u00e5r det till n\u00e4r man v\u00e4l fokuserar r\u00e4tt? S\u00f6k en h\u00e4ndelse som visar och <em>ber\u00e4ttar och visar detta<\/em>.<\/p>\n<p>Hur l\u00e4gger man sen upp sin plan? Exemplifiera med en verklig <em>h\u00e4ndelsebaserad ber\u00e4ttelse <\/em>vad detta kan inneb\u00e4ra.<\/p>\n<p>Genomf\u00f6randet vad betyder det? H\u00e4r beh\u00f6ver man f\u00f6rst\u00e5s ocks\u00e5 en h\u00e4ndelsebaserad befolkad ber\u00e4ttelse : <em>S\u00e5 gick vi tillv\u00e4ga!<\/em><\/p>\n<p>F\u00f6r att f\u00f6ra ned teori till levande bilder beh\u00f6vs ber\u00e4ttelser. D\u00e5 t\u00e4nker man storytellingaktigt.<\/p>\n<p>&nbsp;<\/p>\n","protected":false},"excerpt":{"rendered":"<p>Jag l\u00e4ste en text av Ashraf Ramzy d\u00e4r han ber\u00e4ttade att han som ung nyexaminerad strategikonsult f\u00f6r ca 25 \u00e5r sedan fick \u00a0en fr\u00e5ga av en erfaren \u00e4ldre strategikonsult, bekant med hans pappa. \u2013 Vad tycker du d\u00e5 som nyexaminerad att en strategikonsult \u00e4r f\u00f6r n\u00e5got och vad ska en s\u00e5dan g\u00f6ra? Ashraf Ramzy svarade,&#8230;<\/p>\n","protected":false},"author":2,"featured_media":0,"comment_status":"open","ping_status":"open","sticky":false,"template":"","format":"standard","meta":[],"categories":[9],"tags":[],"_links":{"self":[{"href":"https:\/\/storytellers.se\/index.php?rest_route=\/wp\/v2\/posts\/3563"}],"collection":[{"href":"https:\/\/storytellers.se\/index.php?rest_route=\/wp\/v2\/posts"}],"about":[{"href":"https:\/\/storytellers.se\/index.php?rest_route=\/wp\/v2\/types\/post"}],"author":[{"embeddable":true,"href":"https:\/\/storytellers.se\/index.php?rest_route=\/wp\/v2\/users\/2"}],"replies":[{"embeddable":true,"href":"https:\/\/storytellers.se\/index.php?rest_route=%2Fwp%2Fv2%2Fcomments&post=3563"}],"version-history":[{"count":0,"href":"https:\/\/storytellers.se\/index.php?rest_route=\/wp\/v2\/posts\/3563\/revisions"}],"wp:attachment":[{"href":"https:\/\/storytellers.se\/index.php?rest_route=%2Fwp%2Fv2%2Fmedia&parent=3563"}],"wp:term":[{"taxonomy":"category","embeddable":true,"href":"https:\/\/storytellers.se\/index.php?rest_route=%2Fwp%2Fv2%2Fcategories&post=3563"},{"taxonomy":"post_tag","embeddable":true,"href":"https:\/\/storytellers.se\/index.php?rest_route=%2Fwp%2Fv2%2Ftags&post=3563"}],"curies":[{"name":"wp","href":"https:\/\/api.w.org\/{rel}","templated":true}]}}