{"id":3552,"date":"2013-07-22T15:29:34","date_gmt":"2013-07-22T13:29:34","guid":{"rendered":"http:\/\/storytellers.se\/?p=3552"},"modified":"2013-07-22T15:29:34","modified_gmt":"2013-07-22T13:29:34","slug":"anvand-stories-i-forelasningen","status":"publish","type":"post","link":"https:\/\/storytellers.se\/?p=3552","title":{"rendered":"Anv\u00e4nd stories i f\u00f6rel\u00e4sningen"},"content":{"rendered":"<p>Stories ger bilder som vi kan relatera oss till och de finns runt oss varje dag. De beh\u00f6ver inte vara l\u00e5nga och faktasp\u00e4ckade utan helst m\u00e5lande och g\u00e4rna emotionellt ber\u00f6rande. F\u00f6rel\u00e4saren eller talaren kan b\u00e4dda in v\u00e4l genomt\u00e4nkta episoder, till och med om sina barn, f\u00f6r att f\u00e5 lyssnaren att s\u00e4nka garden och \u00f6ppna lite p\u00e5 k\u00e4nslorna. Allt f\u00f6r att n\u00e5 det egentliga organisationsbudskapet.<\/p>\n<p>Men det \u00e4r klart att man m\u00e5ste tr\u00e4na sig och reflektera s\u00e5 det inte bara blir pappas eller mammas egna gulleber\u00e4ttelser om barnen.<\/p>\n<p>Jag brukar kalla det att man ska tr\u00e4na upp sin storymedvetenhet och reflektera \u00f6ver vad det <em>egentligen var som h\u00e4nde <\/em>med barnen den d\u00e4r g\u00e5ngen och vad det<em> rent symboliskt och associativt <\/em>har med v\u00e5r verksamhet att g\u00f6ra.<\/p>\n<p>Storyn \u00e4r ett komplement till den n\u00f6dv\u00e4ndiga redovisningen av siffror och tabeller. Siffror och fakta b\u00f6r, enligt min mening, alltid f\u00f6ljas av befolkade ber\u00e4ttelser f\u00f6r att underl\u00e4tta \u00f6vers\u00e4ttningen och begripligheten av den abstrakta redovisningen.<\/p>\n<p>Fakta och tabeller aktiverar den logiska delen av hj\u00e4rnan medan ber\u00e4ttelsen befolkar och emotionaliserar verkligheten samtidigt som den \u00f6kar trov\u00e4rdigheten hos talaren.<\/p>\n<p>Men gl\u00f6m inte att det ska vara sanna ber\u00e4ttelser h\u00e4mtade fr\u00e5n verkligheten. De finns runt oss hela tiden och den storymedvetna talaren kan l\u00e4ra sig att se och samla dem.<\/p>\n<p>B\u00e4sta storyn vinner, till och med vid en dragning inf\u00f6r ledningsgruppen.<\/p>\n<p>&nbsp;<\/p>\n","protected":false},"excerpt":{"rendered":"<p>Stories ger bilder som vi kan relatera oss till och de finns runt oss varje dag. De beh\u00f6ver inte vara l\u00e5nga och faktasp\u00e4ckade utan helst m\u00e5lande och g\u00e4rna emotionellt ber\u00f6rande. F\u00f6rel\u00e4saren eller talaren kan b\u00e4dda in v\u00e4l genomt\u00e4nkta episoder, till och med om sina barn, f\u00f6r att f\u00e5 lyssnaren att s\u00e4nka garden och \u00f6ppna lite&#8230;<\/p>\n","protected":false},"author":2,"featured_media":0,"comment_status":"open","ping_status":"open","sticky":false,"template":"","format":"standard","meta":[],"categories":[2],"tags":[],"_links":{"self":[{"href":"https:\/\/storytellers.se\/index.php?rest_route=\/wp\/v2\/posts\/3552"}],"collection":[{"href":"https:\/\/storytellers.se\/index.php?rest_route=\/wp\/v2\/posts"}],"about":[{"href":"https:\/\/storytellers.se\/index.php?rest_route=\/wp\/v2\/types\/post"}],"author":[{"embeddable":true,"href":"https:\/\/storytellers.se\/index.php?rest_route=\/wp\/v2\/users\/2"}],"replies":[{"embeddable":true,"href":"https:\/\/storytellers.se\/index.php?rest_route=%2Fwp%2Fv2%2Fcomments&post=3552"}],"version-history":[{"count":0,"href":"https:\/\/storytellers.se\/index.php?rest_route=\/wp\/v2\/posts\/3552\/revisions"}],"wp:attachment":[{"href":"https:\/\/storytellers.se\/index.php?rest_route=%2Fwp%2Fv2%2Fmedia&parent=3552"}],"wp:term":[{"taxonomy":"category","embeddable":true,"href":"https:\/\/storytellers.se\/index.php?rest_route=%2Fwp%2Fv2%2Fcategories&post=3552"},{"taxonomy":"post_tag","embeddable":true,"href":"https:\/\/storytellers.se\/index.php?rest_route=%2Fwp%2Fv2%2Ftags&post=3552"}],"curies":[{"name":"wp","href":"https:\/\/api.w.org\/{rel}","templated":true}]}}