{"id":3538,"date":"2013-07-08T14:13:16","date_gmt":"2013-07-08T12:13:16","guid":{"rendered":"http:\/\/storytellers.se\/?p=3538"},"modified":"2013-07-08T14:13:16","modified_gmt":"2013-07-08T12:13:16","slug":"nyhetsbrev-81","status":"publish","type":"post","link":"https:\/\/storytellers.se\/?p=3538","title":{"rendered":"Nyhetsbrev 81:Spegla kulturkapitalet med stories"},"content":{"rendered":"<p>I dag har jag skickat ut nyhetsbrevet till cirka 4.500 prenumeranter. Vill du ocks\u00e5 vara med p\u00e5 de kostnadsfria utskicken kan du anm\u00e4la dig till matts@storytellers.se s\u00e5 kommer det ett brev i m\u00e5naden med tankar och reflektioner kring storytelling \/ storylistening. Vill du l\u00e4sa det aktuella brevet s\u00e5 klicka dig vidare h\u00e4r under.<\/p>\n<p><!--more--><\/p>\n<table id=\"x_area_4\" width=\"550\" cellspacing=\"0\" cellpadding=\"0\">\n<tbody>\n<tr>\n<td align=\"\">\n<h1>Spegla kulturkapitalet med stories<\/h1>\n<\/td>\n<\/tr>\n<tr>\n<td align=\"left\">\n<div>\n<p><b>Nyhetsbrev 81<\/b><\/p>\n<\/div>\n<\/td>\n<\/tr>\n<tr>\n<td align=\"left\">\n<div>\n<p>Hej Storytellerv\u00e4n<\/p>\n<p>Detta \u00e4r det \u00e5ttif\u00f6rsta nyhetsbrevet fr\u00e5n Storytellers. Som du kanske m\u00e4rker har det f\u00e5tt en ny form. Jag har skaffat ett f\u00e4rdigdesignat formul\u00e4r som g\u00f6r att det ska vara l\u00e4ttl\u00e4st i alla datorer och aven anpassat till dig som vill l\u00e4sa det i mobilen.<\/p>\n<p>Det \u00e4r fler uppdateringar p\u00e5 g\u00e5ng. Webbplatsen \u00e4r redan tekniskt renoverad efter att i snart tio \u00e5rs tid haft den f\u00f6rra formen. En g\u00e5ng var storytellers.se bland de f\u00f6rsta f\u00f6retagsbloggarna \u00f6verhuvudtaget men med \u00e5ren har den ibland kunnat k\u00e4nnas lite otillr\u00e4cklig rent tekniskt. Det \u00e4r \u00e5tg\u00e4rdat nu.<\/p>\n<p>Inneh\u00e5llet, det vill s\u00e4ga det passionerade f\u00f6rh\u00e5llningss\u00e4ttet till storytelling och ber\u00e4ttelsens kraft och m\u00f6jligheter, det ska f\u00f6rst\u00e5s finnas kvar.<\/p>\n<p>Jag brukar s\u00e4ga att den person som gillar stories och ber\u00e4ttarkapital och som tror p\u00e5 den emotionella kommunikationens m\u00f6jligheter ska trivas p\u00e5 Storytellers.se medan den som tycker det emotionella och icke helt m\u00e4tbara \u00e4r flum lika g\u00e4rna kan avst\u00e5.<\/p>\n<p>Storytelling kan skrivas, filmas och ber\u00e4ttas muntligt. Bland annat. Det muntliga \u00e4r f\u00f6rst\u00e5s basic i m\u00e4nniskans vara, d\u00e4rf\u00f6r har jag nu\u00a0<i><b>Storytellers Podcast<\/b><\/i>\u00a0p\u00e5 g\u00e5ng. \u00c5terkommande korta radioprogram som du kan lyssna p\u00e5 n\u00e4r det passar. P\u00e5 gymmet, i sp\u00e5ret. p\u00e5 cykeln. Vad vet jag.<\/p>\n<p>Jag kommer muntligt och \u00e5terkommande att ber\u00e4tta om mina synpunkter och erfarenheter inom Corporate Storytelling. Jag kommer precis som alltid att tala direkt till dig som har ett \u00f6ppet sinne f\u00f6r detta. Det g\u00f6r jag i samband med nyhetsbreven och kanske ibland \u00e4ven utan nyhetsbreven. Vi k\u00f6r skarpt i augusti.<\/p>\n<p>+++++++++++++++++++++++++++++++++++++++++++++++++++++++++<\/p>\n<p>Jag ska tala om att ber\u00e4ttelser i och om f\u00f6retag och organisationer och deras varor och tj\u00e4nster och kunder och brukare finns. Att det \u00e4r kul att lyssna in dessa ber\u00e4ttelser och att det \u00e4r korkat att inte s\u00f6ka, finna och sk\u00f6rda dem.<\/p>\n<p>Jag ska tala om hur den emotionella kommunikationen som siktar p\u00e5 hj\u00e4rtat och upplevelsen alltid m\u00e5ste vara befolkad och h\u00e4ndelsebaserad.<\/p>\n<p>Jag ska, som den gamla socialantropolog jag \u00e4r, p\u00e5st\u00e5 att utan ber\u00e4ttelser finns vi inte. Hela m\u00e4nskligheten vilar p\u00e5 ber\u00e4ttelser om var vi kommer ifr\u00e5n, var vi befinner oss i dag och vart vi \u00e4r p\u00e5 v\u00e4g.<\/p>\n<p>Jag ska tipsa om hur vi kan regissera oss och organisera v\u00e5rt beteende s\u00e5 att vi skapar ber\u00e4ttelser och m\u00f6jliga bilder av framtiden som samtidigt leder oss fram\u00e5t och ger oss visioner i v\u00e5ra flockar och tribes.<\/p>\n<p>Ber\u00e4ttelser lockar nya flockmedlemmar, det vill s\u00e4ga kan i b\u00e4sta fall underl\u00e4tta vettig rekrytering f\u00f6r organisationens b\u00e4sta.<\/p>\n<p>+++++++++++++++++++++++++++++++++++++++++++++++++++++++++<\/p>\n<p>&#8221;<i>The only way to do a great work is to love what you do<\/i>&#8221;, sa\u00a0<b>Steve Jobs<\/b>. Jag skulle vilja till\u00e4gga att &#8221;<i>You also have to tell the world about it<\/i>&#8221;.<\/p>\n<p>+++++++++++++++++++++++++++++++++++++++++++++++++++++++++<\/p>\n<p>Det var allt f\u00f6r denna g\u00e5ng. Snart k\u00f6r vi podcast. Jag har ocks\u00e5 kopplat ihop mitt twitterkonto\u00a0<i>@MrStoryteller<\/i>\u00a0med Storytellers.se om du f\u00f6ljer mig d\u00e4r kommer det ett tweet n\u00e4r jag uppdaterar n\u00e5got p\u00e5 Storytellers.se<\/p>\n<p>Jag som skrev detta \u00e4r som alltid\u00a0<b>Matts Heijbel<\/b>. Du f\u00e5r nyhetsbrevet f\u00f6r att du bett om det, l\u00e4mnat ditt visitkort eller f\u00f6r att vi samarbetat. Du \u00e4r en av cirka 4.500 prenumeranter.<\/p>\n<p>Vill du diskutera eventuella f\u00f6rel\u00e4sningar eller seminarier eller workshops och sk\u00f6rdefester s\u00e5 h\u00f6r av dig. En del sp\u00e4nner b\u00e5gen och vill bygga en ber\u00e4ttande organisation. Jag vet hur det kan g\u00e5 till. Fr\u00e5n minsta frukostf\u00f6rel\u00e4sning till hela projekt.<\/p>\n<p>P\u00e5\u00a0www.storytellers.se\u00a0finns i \u00f6verkanten rubriken Story-TV om du klickar p\u00e5 den s\u00e5 finns det n\u00e5gra korta filmer.<\/p>\n<p>Vill du inte vara med l\u00e4ngre som nyhetsbrevsprenumerant s\u00e5 kan du mejla Nej tack till matts@storytellers.se eller g\u00e5 via l\u00e4nken h\u00e4r under.<\/p>\n<p>Hej s\u00e5 l\u00e4nge<\/p>\n<p>h\u00e4lsar<\/p>\n<p>Matts Heijbel<\/p>\n<p>Stockholm \/ Gr\u00f6dinge<\/p>\n<p>8 juli 2014<\/p>\n<\/div>\n<\/td>\n<\/tr>\n<\/tbody>\n<\/table>\n","protected":false},"excerpt":{"rendered":"<p>I dag har jag skickat ut nyhetsbrevet till cirka 4.500 prenumeranter. Vill du ocks\u00e5 vara med p\u00e5 de kostnadsfria utskicken kan du anm\u00e4la dig till matts@storytellers.se s\u00e5 kommer det ett brev i m\u00e5naden med tankar och reflektioner kring storytelling \/ storylistening. Vill du l\u00e4sa det aktuella brevet s\u00e5 klicka dig vidare h\u00e4r under.<\/p>\n","protected":false},"author":2,"featured_media":0,"comment_status":"open","ping_status":"open","sticky":false,"template":"","format":"standard","meta":[],"categories":[8],"tags":[],"_links":{"self":[{"href":"https:\/\/storytellers.se\/index.php?rest_route=\/wp\/v2\/posts\/3538"}],"collection":[{"href":"https:\/\/storytellers.se\/index.php?rest_route=\/wp\/v2\/posts"}],"about":[{"href":"https:\/\/storytellers.se\/index.php?rest_route=\/wp\/v2\/types\/post"}],"author":[{"embeddable":true,"href":"https:\/\/storytellers.se\/index.php?rest_route=\/wp\/v2\/users\/2"}],"replies":[{"embeddable":true,"href":"https:\/\/storytellers.se\/index.php?rest_route=%2Fwp%2Fv2%2Fcomments&post=3538"}],"version-history":[{"count":0,"href":"https:\/\/storytellers.se\/index.php?rest_route=\/wp\/v2\/posts\/3538\/revisions"}],"wp:attachment":[{"href":"https:\/\/storytellers.se\/index.php?rest_route=%2Fwp%2Fv2%2Fmedia&parent=3538"}],"wp:term":[{"taxonomy":"category","embeddable":true,"href":"https:\/\/storytellers.se\/index.php?rest_route=%2Fwp%2Fv2%2Fcategories&post=3538"},{"taxonomy":"post_tag","embeddable":true,"href":"https:\/\/storytellers.se\/index.php?rest_route=%2Fwp%2Fv2%2Ftags&post=3538"}],"curies":[{"name":"wp","href":"https:\/\/api.w.org\/{rel}","templated":true}]}}