{"id":3468,"date":"2013-07-06T09:56:22","date_gmt":"2013-07-06T07:56:22","guid":{"rendered":"http:\/\/storytellers.se\/?p=3468"},"modified":"2013-07-06T09:56:22","modified_gmt":"2013-07-06T07:56:22","slug":"barbie-54-nu-femtio-ar-i-sverige","status":"publish","type":"post","link":"https:\/\/storytellers.se\/?p=3468","title":{"rendered":"Barbie, 54, nu femtio \u00e5r i Sverige"},"content":{"rendered":"<p>Jag \u00e4r f\u00f6dd den 9 mars. Jag har alltid, sen jag var barn, tyckt det var kul att veta om andra som \u00e4r f\u00f6dda samma datum. Och de finns. <strong>Gagarin<\/strong>, den f\u00f6rsta m\u00e4nniskan i rymden. <strong>Lill-Babs<\/strong>, <strong>Mona Sahlin<\/strong>, <strong>Thore Skogman<\/strong> och <strong>Barbie<\/strong>. Hon har ocks\u00e5 ett f\u00f6delsedatum och det \u00e4r den 9e mars.<\/p>\n<p>N\u00e4r hon br\u00f6t f\u00f6rlovningen med <strong>Ken<\/strong> efter mer \u00e4n 43 \u00e5r var det nyhet i <em>Fox News, Bloomberg Businessweek och New York Times<\/em>. F\u00f6r n\u00e5gra \u00e5r sen blev de ihop igen.<\/p>\n<p>Hon s\u00e4gs vara f\u00f6dd 9 mars 1959 och skapades av <strong>Ruth Handler<\/strong> som lagt m\u00e4rke till de rollspel som barnen byggde kring klippdockor i olika \u00e5ldrar som de kl\u00e4dde och spelade upp scener med. Leksakshandlare var skeptiska men hon gav sig inte. Visst kunde barnen leka med en figur som verkade vara i ton\u00e5ren. Och redan f\u00f6rsta \u00e5ret s\u00e5ldes 300.000 Barbiedockor.<\/p>\n<p>Till Sverige kom hon 1963.<\/p>\n<p>Det har varit mycket snack om hennes kropp som enligt uppgift bara en av 100.000 kvinnor har och hon \u00e4r en hoppjerka p\u00e5 arbetsmarknaden. \u00d6ver 130 jobb har hon haft.<\/p>\n<p>Jag l\u00e4ste om en del av detta i Expressens artikel &#8221;<em><strong>Barbiedockan firar 50 \u00e5r p\u00e5 svensk mark<\/strong><\/em>&#8221;, av <strong>Andreas Utterstr\u00f6m, den\u00a0<\/strong>5e juli i \u00e5r.<\/p>\n<p>Hon ansluter sig till en storytellertradition d\u00e4r adderade v\u00e4rden, ut\u00f6ver sj\u00e4lva plastdockan, f\u00e5r henne att n\u00e4rma sig v\u00e5r verklighet trots att hon \u00e4r bara en docka &#8211; eller? Hur som helst alla kulturer i alla tider har varianter p\u00e5 detta.<\/p>\n","protected":false},"excerpt":{"rendered":"<p>Jag \u00e4r f\u00f6dd den 9 mars. Jag har alltid, sen jag var barn, tyckt det var kul att veta om andra som \u00e4r f\u00f6dda samma datum. Och de finns. Gagarin, den f\u00f6rsta m\u00e4nniskan i rymden. Lill-Babs, Mona Sahlin, Thore Skogman och Barbie. Hon har ocks\u00e5 ett f\u00f6delsedatum och det \u00e4r den 9e mars. N\u00e4r hon&#8230;<\/p>\n","protected":false},"author":2,"featured_media":0,"comment_status":"open","ping_status":"open","sticky":false,"template":"","format":"standard","meta":[],"categories":[2],"tags":[],"_links":{"self":[{"href":"https:\/\/storytellers.se\/index.php?rest_route=\/wp\/v2\/posts\/3468"}],"collection":[{"href":"https:\/\/storytellers.se\/index.php?rest_route=\/wp\/v2\/posts"}],"about":[{"href":"https:\/\/storytellers.se\/index.php?rest_route=\/wp\/v2\/types\/post"}],"author":[{"embeddable":true,"href":"https:\/\/storytellers.se\/index.php?rest_route=\/wp\/v2\/users\/2"}],"replies":[{"embeddable":true,"href":"https:\/\/storytellers.se\/index.php?rest_route=%2Fwp%2Fv2%2Fcomments&post=3468"}],"version-history":[{"count":0,"href":"https:\/\/storytellers.se\/index.php?rest_route=\/wp\/v2\/posts\/3468\/revisions"}],"wp:attachment":[{"href":"https:\/\/storytellers.se\/index.php?rest_route=%2Fwp%2Fv2%2Fmedia&parent=3468"}],"wp:term":[{"taxonomy":"category","embeddable":true,"href":"https:\/\/storytellers.se\/index.php?rest_route=%2Fwp%2Fv2%2Fcategories&post=3468"},{"taxonomy":"post_tag","embeddable":true,"href":"https:\/\/storytellers.se\/index.php?rest_route=%2Fwp%2Fv2%2Ftags&post=3468"}],"curies":[{"name":"wp","href":"https:\/\/api.w.org\/{rel}","templated":true}]}}