{"id":3459,"date":"2013-07-05T14:01:23","date_gmt":"2013-07-05T12:01:23","guid":{"rendered":"http:\/\/storytellers.se\/?p=3459"},"modified":"2013-07-05T14:01:23","modified_gmt":"2013-07-05T12:01:23","slug":"nagra-blandade-storytellingargument","status":"publish","type":"post","link":"https:\/\/storytellers.se\/?p=3459","title":{"rendered":"N\u00e5gra blandade storytellingargument"},"content":{"rendered":"<ul>\n<li>Fakta och diagram gl\u00f6mmer man l\u00e4tt &#8211; stories lever<\/li>\n<li>Storytelling\/storylistening\/storyselling\/storybuilding \u00e4r kul<\/li>\n<li>Stories s\u00e4tter sig i hj\u00e4rtat om de \u00e4r m\u00e5lande och befolkade<\/li>\n<li>Stories och organisationsfolkore speglar kulturen<\/li>\n<li>Stories kan st\u00e4rka och utveckla kulturen<\/li>\n<li>Visionsber\u00e4ttelser visar v\u00e4gen till en m\u00f6jlig utveckling<\/li>\n<li>V\u00e4rderingsber\u00e4ttelser synligg\u00f6r v\u00e4rdegrunden<\/li>\n<li>CSR-ber\u00e4ttelser visar att organisationen \u00e4r en del av samh\u00e4llet<\/li>\n<li>Stories som ger stolthet beh\u00f6ver inte betyda skryt<\/li>\n<li>Stories om var vi kommer ifr\u00e5n och vart vi \u00e4r p\u00e5 v\u00e4g kan vara st\u00f6d i sv\u00e5ra tider<\/li>\n<li>Stories om f\u00e4rgstarka personer befolkar varum\u00e4rket<\/li>\n<li>Stories om n\u00f6jda kunder ger legitimitet<\/li>\n<li>Stories om verklig nytta ger legitimitet \u00e5t skattefinansierade verksamheter<\/li>\n<li>Stories begripligg\u00f6r ideella organisationers verksamhet<\/li>\n<li>Stories underl\u00e4ttar arbete f\u00f6r insamlingsorganisationer<\/li>\n<li>Medarbetarber\u00e4ttelser underl\u00e4ttar r\u00e4tt rekrytering<\/li>\n<\/ul>\n","protected":false},"excerpt":{"rendered":"<p>Fakta och diagram gl\u00f6mmer man l\u00e4tt &#8211; stories lever Storytelling\/storylistening\/storyselling\/storybuilding \u00e4r kul Stories s\u00e4tter sig i hj\u00e4rtat om de \u00e4r m\u00e5lande och befolkade Stories och organisationsfolkore speglar kulturen Stories kan st\u00e4rka och utveckla kulturen Visionsber\u00e4ttelser visar v\u00e4gen till en m\u00f6jlig utveckling V\u00e4rderingsber\u00e4ttelser synligg\u00f6r v\u00e4rdegrunden CSR-ber\u00e4ttelser visar att organisationen \u00e4r en del av samh\u00e4llet Stories som&#8230;<\/p>\n","protected":false},"author":2,"featured_media":0,"comment_status":"open","ping_status":"open","sticky":false,"template":"","format":"standard","meta":[],"categories":[2],"tags":[],"_links":{"self":[{"href":"https:\/\/storytellers.se\/index.php?rest_route=\/wp\/v2\/posts\/3459"}],"collection":[{"href":"https:\/\/storytellers.se\/index.php?rest_route=\/wp\/v2\/posts"}],"about":[{"href":"https:\/\/storytellers.se\/index.php?rest_route=\/wp\/v2\/types\/post"}],"author":[{"embeddable":true,"href":"https:\/\/storytellers.se\/index.php?rest_route=\/wp\/v2\/users\/2"}],"replies":[{"embeddable":true,"href":"https:\/\/storytellers.se\/index.php?rest_route=%2Fwp%2Fv2%2Fcomments&post=3459"}],"version-history":[{"count":0,"href":"https:\/\/storytellers.se\/index.php?rest_route=\/wp\/v2\/posts\/3459\/revisions"}],"wp:attachment":[{"href":"https:\/\/storytellers.se\/index.php?rest_route=%2Fwp%2Fv2%2Fmedia&parent=3459"}],"wp:term":[{"taxonomy":"category","embeddable":true,"href":"https:\/\/storytellers.se\/index.php?rest_route=%2Fwp%2Fv2%2Fcategories&post=3459"},{"taxonomy":"post_tag","embeddable":true,"href":"https:\/\/storytellers.se\/index.php?rest_route=%2Fwp%2Fv2%2Ftags&post=3459"}],"curies":[{"name":"wp","href":"https:\/\/api.w.org\/{rel}","templated":true}]}}