{"id":3390,"date":"2013-05-29T23:00:10","date_gmt":"2013-05-29T21:00:10","guid":{"rendered":"http:\/\/heijbel.wordpress.com\/2013\/05\/29\/nyhetsbrev-80-heijbelmodellen-m-m"},"modified":"2013-05-29T23:00:10","modified_gmt":"2013-05-29T21:00:10","slug":"nyhetsbrev-80-heijbelmodellen-m-m","status":"publish","type":"post","link":"https:\/\/storytellers.se\/?p=3390","title":{"rendered":"Nyhetsbrev 80: Heijbelmodellen m m"},"content":{"rendered":"<p>I dag har Nyhetsbrev 80 fr\u00e5n Storytellers.se g\u00e5tt iv\u00e4g. Det finns via l\u00e4nken h\u00e4r under. Det \u00e4r f\u00f6rst\u00e5s gratis och det kommer en g\u00e5ng i m\u00e5naden. Man kan avsluta det med ett knapptryck. Vill du ocks\u00e5 ha det s\u00e5 skicka ett mejl till <a href=\"mailto:matts@storytellers.se\">matts@storytellers.se<\/a> och s\u00e4g att du vill ha det och till vilken mejladress. L\u00e4s h\u00e4r nedan det som just gick iv\u00e4g till n\u00e4stan 4.500 prenumeranter.<\/p>\n<p><!--more--><br \/>\nNyhetsbrev 80<br \/>\nHej Storytellerv\u00e4n<br \/>\nDetta \u00e4r det \u00e5ttionde nyhetsbrevet fr\u00e5n Storytellers. Jag sitter p\u00e5 ett hotel i Link\u00f6ping p\u00e5 onsdagskv\u00e4llen. I morgon torsdag ska jag tr\u00e4ffa drygt 50 biblioteksmedarbetare f\u00f6r s\u00f6ka biblioteksber\u00e4ttelser som kan vara en del i deras organisationsutveckling.<br \/>\nJag hade i kv\u00e4ll arbetat flera timmar med nyhetsbrevet men sen gick brandlarmet och allt f\u00f6rsvann ur nyhetsbrevsprogrammet i datorn i kaoset just som jag skulle skicka det. Det var lite hysteriskt med m\u00e4nniskor som ropade och krav p\u00e5 att snabbt l\u00e4mna byggnaden. Dunkande p\u00e5 d\u00f6rrar.<br \/>\nJag hade en massa id\u00e9er och analyser inskrivna och klara och skulle p\u00e5 minuten skicka det. Nu \u00e4r allt borta. Jag v\u00e4ljer d\u00e4rf\u00f6r att punkta upp det hela h\u00e4r under lite kort ur minnet. Brevet m\u00e5ste g\u00e5 \u00e4ven n\u00e4r det brinner &#8211; vilket det allts\u00e5 inte gjorde.<br \/>\nBrandmanshj\u00e4lten kom i sin r\u00f6da V70. Alldeles n\u00e4ra ligger den f\u00f6r kv\u00e4llen l\u00e5sta domkyrkan. Vi som var utk\u00f6rda ins\u00e5g snart att det var lugnt medan kajorna flockdansade mellan kastanjerna och domkyrkan.<br \/>\nDet var h\u00e4r som <strong>Biskop Brask<\/strong> var n\u00f6dd och tvungen f\u00f6r 500 \u00e5r sedan. Aprop\u00e5 storytelling \u00e4r nog Brasklappen en riktig historisk anekdot.<br \/>\nF\u00f6rresten blev jag mer ber\u00e4ttande en g\u00e5ng f\u00f6r drygt 20 \u00e5r sedan p\u00e5 \u00d6sterlen n\u00e4r jag som journalist hade skrivit p\u00e5 en artikel hela dagen. Sen kom \u00e5skan, str\u00f6mmen gick, datorn av modell 1990 hade inget minne och allt var d\u00e4rmed borta. Jag blev ursinnig och skrev d\u00e4rf\u00f6r snabbt en ber\u00e4ttelse, en story, om vad jag hade velat s\u00e4ga i den journalistiska texten. Den ber\u00e4ttelsen konverterade mig delvis fr\u00e5n journalist till storyteller. Den blev n\u00e4mligen bra och annorlunda.<br \/>\n+++++++++++++++++++++++++++++++++++++++++++<br \/>\n<em>Ica-Stig<\/em> och <em>Boxer-Robert<\/em> \u00e4r reklamsaga \u00e4ven om Ica-Stig skickligt till\u00e5tits balansera p\u00e5 gr\u00e4nsen till verkligheten vid bl a k\u00f6ttf\u00e4rsskandalen. Det \u00e4r emellertid inte storytelling enligt Heijbelmodellen som jag beskriver i min bok Storytelling befolkar varum\u00e4rket och som finns beskriven i rader av akademiska uppsatser.<br \/>\nInte b\u00e4ttre inte s\u00e4mre men olika.<br \/>\nHeijbelmodellen \u00e4r en teknik som redan p\u00e5 en dag kan sk\u00f6rda verkliga och sanna ber\u00e4ttelser ur ett f\u00f6retag eller en organisation. Ber\u00e4ttelser som samtidigt blir en del av att faktiskt f\u00e5 en realtidshistorieskrivning.<br \/>\nMen visst \u00e4r det synd att Boxer nu tr\u00f6ttnat p\u00e5 Robert och avlivar den j\u00e4mtl\u00e4ndske kamraten. I Heijbelmodellen avr\u00e4ttar man inte ber\u00e4ttare utan bygger vidare eftersom man r\u00f6r sig med verkliga m\u00e4nniskor. Man byter inte story utan forts\u00e4tter.<br \/>\n+++++++++++++++++++++++++++++++++++++++++++<br \/>\n<strong>Kamprad<\/strong> invigde f\u00f6r n\u00e5gra dagar sedan den utbyggda butiken i Agunnaryd. Han skulle klippa det bl\u00e5gula bandet. Men regisserad, som han alltid \u00e4r, s\u00e5 hejdade han sig och kn\u00f6t upp bandet, rullade ihop det och sa att det \u00e4r synd att klippa s\u00f6nder ett s\u00e5 fint band.<br \/>\nDet kan man, menade han, kanske anv\u00e4nda i en framtida ostkakefabrik. F\u00f6r arbetstillf\u00e4llen beh\u00f6vs ju i byn och om det blir en liten industri s\u00e5 kan man ju \u00e5teranv\u00e4nda bandet n\u00e4r man inviger den.<br \/>\nDet \u00e4r regi som genererar ber\u00e4ttelser. Helt i linje med Heijbelmodellen. Agera smart s\u00e5 sprids ber\u00e4ttelserna \u00f6ver samh\u00e4llet och ut i de sociala medierna. Ingen p\u00e5hittad styrd saga utan ren och sk\u00e4r verklighet, \u00e4ven om den \u00e4r regisserad.<br \/>\nDet blev en visionsber\u00e4ttelse av bara farten.<br \/>\n+++++++++++++++++++++++++++++++++++++++++++<br \/>\nAprop\u00e5 brandlarmet s\u00e5 h\u00f6rde jag om ett \u00e4ldreboende som skulle ha brandsyn och inspektion. En av de mest demenssjuka p\u00e5 avdelningen var f\u00f6re detta brandchef. En kreativ undersk\u00f6terska f\u00f6reslog att de skulle fr\u00e5ga <strong>Bertil<\/strong>, f d och numera demente brandchefen, om han ville vara med som r\u00e5dgivare.<br \/>\nHan hade inte lyssnat \u00f6verhuvudtaget p\u00e5 l\u00e4nge. Satt mest tyst och hopsjunken med halv\u00f6ppen mun i sin stol. Men n\u00e4r han h\u00f6rde ordet brandsyn st\u00e4llde han sig upp, r\u00e4ttade till sina kl\u00e4der och sa: Jag \u00e4r med!<br \/>\nHan var faktiskt med och behandlades som en expert av sina yngre kollegor. Detta gladde honom, personalen och de anh\u00f6riga.<br \/>\nSt\u00e4mmer bra med Heijbelmodellen om man vill visa personalens lyh\u00f6rhet och kompetens och hitta kreativa ber\u00e4ttelser som kan visa nya id\u00e9er och som kan skapa legitimitet och som kan kompetens\u00f6verf\u00f6ra.<br \/>\n+++++++++++++++++++++++++++++++++++++++++++<br \/>\nJag kan ber\u00e4tta f\u00f6r dig om metoden och ge flera exempel om du kommer som min g\u00e4st ( i m\u00e5n av plats ) p\u00e5 tisdag den 4 juni p\u00e5 S\u00f6dermalm i Stockholm. Det kostar ingenting. L\u00e4s mer p\u00e5 storytellers.se eller mejla till matts@storytellers.se och skriv &#8221;4 juni&#8221; s\u00e5 \u00e5terkommer jag. Fika fr\u00e5n halv nio. Seminarium mellan nio och tio. M\u00f6jlighet till eftersnack till halv elva.<br \/>\nD\u00e5 kommer ocks\u00e5 n\u00e5gra av mina uppdragsgivare fr\u00e5n Sveriges modernaste myndighet <em>Skatteverket<\/em> och ber\u00e4ttar om hur de \/ vi arbetat med storytelling.<br \/>\n+++++++++++++++++++++++++++++++++++++++++++<br \/>\nDetta var ett snabbskrivet nyhetsbrev efter brandsynen som utf\u00f6rdes av en yngre forts\u00e4ttare efter den gamle demente Bertil. Jag har hastigt skrivit detta brev till dig och n\u00e4stan 4.500 andra prenumeranter efter en v\u00e4ntan i parken utanf\u00f6r Link\u00f6pings domkyrka.<br \/>\nJag som skrev heter <strong>Matts Heijbel <\/strong>och du f\u00e5r detta f\u00f6r att du bett om det, givit mej ditt visitkort eller f\u00f6r att vi jobbat ihop. Vill du inte ha det mera s\u00e5 v\u00e4nd det med ett Nej tack s\u00e5 plockar vi bort dig ur s\u00e4ndlistan.<br \/>\nHej d\u00e5<br \/>\nStockholm \/ Gr\u00f6dinge \/ Link\u00f6ping<br \/>\n29 maj 2013<br \/>\nMatts Heijbel<\/p>\n","protected":false},"excerpt":{"rendered":"<p>I dag har Nyhetsbrev 80 fr\u00e5n Storytellers.se g\u00e5tt iv\u00e4g. Det finns via l\u00e4nken h\u00e4r under. Det \u00e4r f\u00f6rst\u00e5s gratis och det kommer en g\u00e5ng i m\u00e5naden. Man kan avsluta det med ett knapptryck. Vill du ocks\u00e5 ha det s\u00e5 skicka ett mejl till matts@storytellers.se och s\u00e4g att du vill ha det och till vilken mejladress&#8230;.<\/p>\n","protected":false},"author":2,"featured_media":0,"comment_status":"open","ping_status":"closed","sticky":false,"template":"","format":"standard","meta":[],"categories":[8],"tags":[],"_links":{"self":[{"href":"https:\/\/storytellers.se\/index.php?rest_route=\/wp\/v2\/posts\/3390"}],"collection":[{"href":"https:\/\/storytellers.se\/index.php?rest_route=\/wp\/v2\/posts"}],"about":[{"href":"https:\/\/storytellers.se\/index.php?rest_route=\/wp\/v2\/types\/post"}],"author":[{"embeddable":true,"href":"https:\/\/storytellers.se\/index.php?rest_route=\/wp\/v2\/users\/2"}],"replies":[{"embeddable":true,"href":"https:\/\/storytellers.se\/index.php?rest_route=%2Fwp%2Fv2%2Fcomments&post=3390"}],"version-history":[{"count":0,"href":"https:\/\/storytellers.se\/index.php?rest_route=\/wp\/v2\/posts\/3390\/revisions"}],"wp:attachment":[{"href":"https:\/\/storytellers.se\/index.php?rest_route=%2Fwp%2Fv2%2Fmedia&parent=3390"}],"wp:term":[{"taxonomy":"category","embeddable":true,"href":"https:\/\/storytellers.se\/index.php?rest_route=%2Fwp%2Fv2%2Fcategories&post=3390"},{"taxonomy":"post_tag","embeddable":true,"href":"https:\/\/storytellers.se\/index.php?rest_route=%2Fwp%2Fv2%2Ftags&post=3390"}],"curies":[{"name":"wp","href":"https:\/\/api.w.org\/{rel}","templated":true}]}}