{"id":3384,"date":"2013-05-18T07:59:29","date_gmt":"2013-05-18T06:59:29","guid":{"rendered":"http:\/\/heijbel.wordpress.com\/2013\/05\/18\/flickan-och-lasplattan"},"modified":"2013-05-18T07:59:29","modified_gmt":"2013-05-18T06:59:29","slug":"flickan-och-lasplattan","status":"publish","type":"post","link":"https:\/\/storytellers.se\/?p=3384","title":{"rendered":"Flickan och l\u00e4splattan"},"content":{"rendered":"<p>H\u00e4romdagen var jag hos Tillv\u00e4xtverket och en rad av deras finansierade projekt i Sydsverige. <a href=\"http:\/\/www.tillvaxtverket.se\/huvudmeny\/euprogram\/omeuprogram\/nyheter2013\/nyhetsarkiv\/surfplattanarenbroforenflickautansprak.5.5a5c099513972cd7fea372d3.html\">H\u00e4r<\/a> har du en artikel fr\u00e5n deras webb.<\/p>\n","protected":false},"excerpt":{"rendered":"<p>H\u00e4romdagen var jag hos Tillv\u00e4xtverket och en rad av deras finansierade projekt i Sydsverige. H\u00e4r har du en artikel fr\u00e5n deras webb.<\/p>\n","protected":false},"author":2,"featured_media":0,"comment_status":"open","ping_status":"closed","sticky":false,"template":"","format":"standard","meta":[],"categories":[3],"tags":[],"_links":{"self":[{"href":"https:\/\/storytellers.se\/index.php?rest_route=\/wp\/v2\/posts\/3384"}],"collection":[{"href":"https:\/\/storytellers.se\/index.php?rest_route=\/wp\/v2\/posts"}],"about":[{"href":"https:\/\/storytellers.se\/index.php?rest_route=\/wp\/v2\/types\/post"}],"author":[{"embeddable":true,"href":"https:\/\/storytellers.se\/index.php?rest_route=\/wp\/v2\/users\/2"}],"replies":[{"embeddable":true,"href":"https:\/\/storytellers.se\/index.php?rest_route=%2Fwp%2Fv2%2Fcomments&post=3384"}],"version-history":[{"count":0,"href":"https:\/\/storytellers.se\/index.php?rest_route=\/wp\/v2\/posts\/3384\/revisions"}],"wp:attachment":[{"href":"https:\/\/storytellers.se\/index.php?rest_route=%2Fwp%2Fv2%2Fmedia&parent=3384"}],"wp:term":[{"taxonomy":"category","embeddable":true,"href":"https:\/\/storytellers.se\/index.php?rest_route=%2Fwp%2Fv2%2Fcategories&post=3384"},{"taxonomy":"post_tag","embeddable":true,"href":"https:\/\/storytellers.se\/index.php?rest_route=%2Fwp%2Fv2%2Ftags&post=3384"}],"curies":[{"name":"wp","href":"https:\/\/api.w.org\/{rel}","templated":true}]}}