{"id":3378,"date":"2013-05-10T12:14:18","date_gmt":"2013-05-10T11:14:18","guid":{"rendered":"http:\/\/heijbel.wordpress.com\/2013\/05\/10\/esf-radet-berattar"},"modified":"2013-05-10T12:14:18","modified_gmt":"2013-05-10T11:14:18","slug":"esf-radet-berattar","status":"publish","type":"post","link":"https:\/\/storytellers.se\/?p=3378","title":{"rendered":"ESF-r\u00e5det ber\u00e4ttar"},"content":{"rendered":"<p>I veckan tr\u00e4ffade jag hela <em>Svenska ESF-r\u00e5det<\/em> p\u00e5 deras personaldagar. Dagen inleddes av arbetsmarknadsminister <strong>Hillevi Engstr\u00f6m<\/strong> som jag f\u00f6rmodar \u00e4r intresserad av ber\u00e4ttelser som visar meningen med att vi har en Europeisk socialfond \u00f6ver huvudtaget.<br \/>\nESFs projekt ska st\u00e4rka m\u00e4nniskors st\u00e4llning i arbetslivet, motverka diskriminering och \u00f6ka j\u00e4mst\u00e4lldheten mellan kvinnor och m\u00e4n. Det \u00e4r befolkade ber\u00e4ttelser om detta som g\u00f6r myndigheten synlig och som i b\u00e4sta fall ocks\u00e5 levererar ber\u00e4ttelser ocks\u00e5 till politiker och beslutsfattare. Att medverka till mer ber\u00e4ttande myndigheter \u00e4r stimulerande f\u00f6r ett storylistener \/ storyteller. Ytterst \u00e4r det ocks\u00e5 en demokratifr\u00e5ga, som jag ser det.<\/p>\n","protected":false},"excerpt":{"rendered":"<p>I veckan tr\u00e4ffade jag hela Svenska ESF-r\u00e5det p\u00e5 deras personaldagar. Dagen inleddes av arbetsmarknadsminister Hillevi Engstr\u00f6m som jag f\u00f6rmodar \u00e4r intresserad av ber\u00e4ttelser som visar meningen med att vi har en Europeisk socialfond \u00f6ver huvudtaget. ESFs projekt ska st\u00e4rka m\u00e4nniskors st\u00e4llning i arbetslivet, motverka diskriminering och \u00f6ka j\u00e4mst\u00e4lldheten mellan kvinnor och m\u00e4n. Det \u00e4r befolkade&#8230;<\/p>\n","protected":false},"author":2,"featured_media":0,"comment_status":"open","ping_status":"closed","sticky":false,"template":"","format":"standard","meta":[],"categories":[2],"tags":[],"_links":{"self":[{"href":"https:\/\/storytellers.se\/index.php?rest_route=\/wp\/v2\/posts\/3378"}],"collection":[{"href":"https:\/\/storytellers.se\/index.php?rest_route=\/wp\/v2\/posts"}],"about":[{"href":"https:\/\/storytellers.se\/index.php?rest_route=\/wp\/v2\/types\/post"}],"author":[{"embeddable":true,"href":"https:\/\/storytellers.se\/index.php?rest_route=\/wp\/v2\/users\/2"}],"replies":[{"embeddable":true,"href":"https:\/\/storytellers.se\/index.php?rest_route=%2Fwp%2Fv2%2Fcomments&post=3378"}],"version-history":[{"count":0,"href":"https:\/\/storytellers.se\/index.php?rest_route=\/wp\/v2\/posts\/3378\/revisions"}],"wp:attachment":[{"href":"https:\/\/storytellers.se\/index.php?rest_route=%2Fwp%2Fv2%2Fmedia&parent=3378"}],"wp:term":[{"taxonomy":"category","embeddable":true,"href":"https:\/\/storytellers.se\/index.php?rest_route=%2Fwp%2Fv2%2Fcategories&post=3378"},{"taxonomy":"post_tag","embeddable":true,"href":"https:\/\/storytellers.se\/index.php?rest_route=%2Fwp%2Fv2%2Ftags&post=3378"}],"curies":[{"name":"wp","href":"https:\/\/api.w.org\/{rel}","templated":true}]}}