{"id":3376,"date":"2013-04-23T21:05:11","date_gmt":"2013-04-23T20:05:11","guid":{"rendered":"http:\/\/heijbel.wordpress.com\/2013\/04\/23\/nyhetsbrev-79-regisserat-beteende-mm"},"modified":"2013-04-23T21:05:11","modified_gmt":"2013-04-23T20:05:11","slug":"nyhetsbrev-79-regisserat-beteende-mm","status":"publish","type":"post","link":"https:\/\/storytellers.se\/?p=3376","title":{"rendered":"Nyhetsbrev 79: Regisserat beteende mm"},"content":{"rendered":"<p>I dag har det sjuttionionde nyhetsbrevet fr\u00e5n Storytellers skickats ut till 4.400 prenumeranter. Det \u00e4r kostnadsfritt och kommer en g\u00e5ng i m\u00e5naden. Vill du ocks\u00e5 ha det s\u00e5 anm\u00e4l dig till <a href=\"mailto:matts@storytellers.se\">matts@storytellers.se<\/a> s\u00e5 kommer du p\u00e5 listan. Vill du sen l\u00e4mna s\u00e5 \u00e4r det bara att s\u00e4ga Nej tack s\u00e5 \u00e4r du borta fr\u00e5n listan.<br \/>\nH\u00e4r under \u00e4r l\u00e4nken till det senaste nyhetsbrevet som gick ut i dag:<\/p>\n<p><!--more--><br \/>\nNyhetsbrev 79<br \/>\nHej Storytellerv\u00e4n<br \/>\nH\u00e4r kommer den sjuttionionde nyhetsbrevet fr\u00e5n <em>Storytellers<\/em>. H\u00e4r skriver jag, <strong>Matts Heijbel<\/strong>, utifr\u00e5n mitt drygt 10-\u00e5riga arbete med storytelling i och om f\u00f6retag och organisationer. Jag ber\u00e4ttar om vad som h\u00e4nt sedan tidigare och reflekterar lite \u00f6ver vad som h\u00e4nder p\u00e5 storytellingfronten i Sverige och internationellt.<br \/>\nDet \u00e4r r\u00e4tt mycket snack om storytelling nu och m\u00e5nga s\u00e4ger sig h\u00e5lla p\u00e5 med det. Jag kan d\u00e5 s\u00e4ga att mitt perspektiv hela tiden \u00e4r och har varit i grunden r\u00e4tt antropologiskt. Alla f\u00f6retag och organisationer och deras varor och tj\u00e4nster har n\u00e4mligen ber\u00e4ttelser och beh\u00f6ver ber\u00e4ttelser. Jag kallar det organisationsfolklore och kulturkapital. Det g\u00e4ller b\u00e5de privata, offentliga och ideella organisationer. Inte minst g\u00e4ller det n\u00e4r man ska ta sig \u00f6ver gr\u00e4nser b\u00e5de geografiska och organisatoriska och v\u00e4rderingsm\u00e4ssiga.<br \/>\nD\u00e4r har jag numera en hel del uppdrag inom <em>EU-sf\u00e4ren<\/em> som \u00e4r intressanta. Jag m\u00e4rker att politiken ocks\u00e5 talar om ber\u00e4ttelsen, den stora och trov\u00e4rdiga. Jag har haft en del d\u00e4r ocks\u00e5 och liksom inom den religi\u00f6sa sf\u00e4ren. Men detta finns och fungerar faktiskt \u00f6verallt d\u00e4r m\u00e4nniskor vill \u00e5stadkomma n\u00e5gonting.<br \/>\nKlart \u00e4r hur som helst att utan ber\u00e4ttelser finns inte m\u00e4nniskan. Hon \u00e4r ett ber\u00e4ttande djur och den som har b\u00e4sta ber\u00e4ttelsen vinner. Den som tystnar eller tappar i trov\u00e4rdighet d\u00f6r ut.<br \/>\n++++++++++++++++++++++++++++++++++++++++++++++++++<br \/>\nJag kommer att ber\u00e4tta en del om detta i G\u00f6teborg redan nu p\u00e5 torsdag den 25 april. I samarbete med <em>Plyhm Kommunikation<\/em> p\u00e5 Teatergatan 19, i WTCs lokaler alldeles bakom Avenyn. Vill du komma som min g\u00e4st, det kostar inget och frukost ing\u00e5r, s\u00e5 kontakta <em>birgitta@plyhm.se<\/em> f\u00f6r att h\u00f6ra om det finns plats. Mingel fr\u00e5n 07.30 f\u00f6rel\u00e4sning mellan 08.00 &#8211; 09.00 och d\u00e4refter m\u00f6jlighet till lite eftersnack f\u00f6r den som vill.<br \/>\n++++++++++++++++++++++++++++++++++++++++++++++++++<br \/>\nEnkelt uttryckt kan man s\u00e4ga att alla ber\u00e4ttelser \u00e4r befolkade, det \u00e4r d\u00e4rf\u00f6r jag kallar min bok, som snart kommer i en tredje ut\u00f6kad upplaga, just Storytelling befolkar varum\u00e4rket. En story \u00e4r alltid befolkad och beskriver en h\u00e4ndelse.<br \/>\nMan kan s\u00e4ga att det finns ett D\u00e5, ett Nu och ett Sen. Allts\u00e5 var kommer vi ifr\u00e5n, var befinner vi oss nu och vart \u00e4r vi p\u00e5 v\u00e4g. N\u00e5gonstans utmed den tidsaxeln l\u00e4gger man ber\u00e4ttelsen. Det som kanske \u00e4r mest sp\u00e4nnande \u00e4r &#8221;Senet&#8221;. Hur ska vi genom ber\u00e4ttelser g\u00f6ra framtiden synlig och m\u00f6jlig.<br \/>\nD\u00e4r har vi en klassisk m\u00e4stare i Sverige. Kamprad. Han har alltid regisserat sitt beteende f\u00f6r att p\u00e5 s\u00e5 s\u00e4tt l\u00e4gga fram v\u00e4rdegrundbaserade ber\u00e4ttelser. En Kampradklassiker \u00e4r att \u00e5ka turistklass p\u00e5 flyget, k\u00f6pa tillbaks Coca Colan till minibaren p\u00e5 hotellet fr\u00e5n Ica tv\u00e4rs \u00f6ver gatan s\u00e5 han slipper betala \u00f6verpris och det finns mycket annat typiskt Kampradbeteende. Ett regisserat beteende som genererar ber\u00e4ttelser som befolkar varum\u00e4rket och visar v\u00e4rderingar. Det \u00e4r klart att han egentligen har r\u00e5d att betala all lyx men genom att regissera sitt beteende matar han p\u00e5 bilden av Ikea from The Scotland of Sweden, allts\u00e5 Sm\u00e5land.<br \/>\n++++++++++++++++++++++++++++++++++++++++++++++++++<br \/>\nDetta kan alla organisationer reflektera \u00f6ver. Om vi vill p\u00e5verka ber\u00e4ttandet och \u00f6nska oss l\u00e4mpliga ber\u00e4ttelser kanske vi kan regissera v\u00e5rt beteende s\u00e5 att kulturkapitalet sprids med hj\u00e4lp av ber\u00e4ttelser om verkliga h\u00e4ndelser som vi sj\u00e4lva har skapat. Ber\u00e4ttelser om m\u00e4nskliga beteenden och m\u00f6ten som faktiskt har h\u00e4nt.<br \/>\n++++++++++++++++++++++++++++++++++++++++++++++++++<br \/>\nEn som gjort detta p\u00e5 ett r\u00e4tt raffinerat s\u00e4tt p\u00e5 senare tid tycker jag \u00e4r Franciskus. Den nya p\u00e5ven som avb\u00f6jer att kallas P\u00e5ve Franciskus och ber att helt enkelt bara f\u00e5 vara Franciskus. Han avst\u00e5r fr\u00e5n de r\u00f6da skorna, de lyxiga smyckena och bor hellre i en liten tv\u00e5a i Vatikanen \u00e4n i den stora 10-rummare som annars erbjuds p\u00e5ven med terass och allt. Det duger bra med 2 rum och k\u00f6k, s\u00e4ger Franciskus.<br \/>\nInte nog med det. Att tv\u00e4tta och olja andras f\u00f6tter \u00e4r bland de finaste man kan g\u00f6ra kring i Medelhavet. Tror du han \u00e4gnar sig \u00e5t pr\u00e4sters och kardinalers f\u00f6tter? Inte. P\u00e5 sk\u00e4rtorsdagen \u00e5ker Franciskus till det stora f\u00e4ngelset och tv\u00e4ttar och oljar livstidsf\u00e5ngarnas f\u00f6tter. Och inte nog med det han tv\u00e4ttar \u00e4ven kvinnliga f\u00e5ngars f\u00f6tter och som om inte det vore nog s\u00e5 oljar han kvinnliga muslimers f\u00f6tter.<br \/>\nJag vet inte om Franciskus har en stor ny PR-stab eller om han utf\u00f6r detta regisserade sk\u00e5despel av egen lust och energi. Men en sak \u00e4r s\u00e4ker, ber\u00e4ttelsen om f\u00f6retr\u00e4daren f\u00f6r 1,2 miljarder katoliker sprids och vi b\u00f6rjar kanske ana att en ny katolsk ber\u00e4ttelse tar form.<br \/>\n++++++++++++++++++++++++++++++++++++++++++++++++++<br \/>\nVad skulle ni g\u00f6ra i er organisation f\u00f6r att p\u00e5verka snacket och befolka ert varum\u00e4rke? Den n\u00e4rmaste tiden jobbar jag en del med myndigheter och banker. Jag ska bland annat arbeta med en del bibliotek som beh\u00f6ver nya ber\u00e4ttelser om sig sj\u00e4lva och sina kunder och f\u00f6r att synligg\u00f6ra det moderna biblioteket. En ny bibliotekslag \u00e4r p\u00e5 g\u00e5ng och det \u00e4r inte helt l\u00e4tt att se biblioteken i perspektivet D\u00e5, Nu och Sen.<br \/>\n++++++++++++++++++++++++++++++++++++++++++++++++++<br \/>\nVill du f\u00f6ruts\u00e4ttningsl\u00f6st tala med mig eller tr\u00e4ffa mig s\u00e5 h\u00f6r av dig till matts@storytellers.se s\u00e5 kan vi resonera. Jag kan ocks\u00e5 komma och h\u00e5lla n\u00e5gon f\u00f6rel\u00e4sning eller ge er en workshop som \u00f6ver dagen kan b\u00e5de sk\u00f6rda ber\u00e4ttelser och till och med filma dem innan solen g\u00e5r ned. Jag har en utvecklad modell f\u00f6r detta. Ber\u00e4ttelser finns \u00f6verallt. De kan anv\u00e4ndas i organisationsutveckling, marknadsf\u00f6ring, rekrytering, ledarutveckling, s\u00e4lj eller bara f\u00f6r att se och l\u00e4ra k\u00e4nna den egna kulturen och underl\u00e4tta inskolningen f\u00f6r nya medlemmar i triben. Har ni slagit ihop eller f\u00f6rv\u00e4rvat d\u00e5 \u00e4r det viktigt att reflektera \u00f6ver vilka ber\u00e4ttelser som beh\u00f6vs f\u00f6r att styra processerna.<br \/>\n++++++++++++++++++++++++++++++++++++++++++++++++++<br \/>\nJag som skriver detta heter Matts Heijbel. Du f\u00e5r det f\u00f6r att du bett om det eller varit p\u00e5 mina seminarier eller f\u00f6r att vi jobbat ihop. Jag har arbetat med flera hundra organisationer genom \u00e5ren just i jakten p\u00e5 de viktigaste ber\u00e4ttelserna.<br \/>\nOm du inte vill vara med l\u00e4ngre s\u00e5 v\u00e4nder du bara detta nyhetsbrev med ett Nej tack s\u00e5 plockar jag bort dig ur s\u00e4ndlistan<br \/>\nh\u00e4lsar<br \/>\nMatts Heijbel<br \/>\nStockholm \/ Gr\u00f6dinge<br \/>\n23 april 2013<\/p>\n","protected":false},"excerpt":{"rendered":"<p>I dag har det sjuttionionde nyhetsbrevet fr\u00e5n Storytellers skickats ut till 4.400 prenumeranter. Det \u00e4r kostnadsfritt och kommer en g\u00e5ng i m\u00e5naden. Vill du ocks\u00e5 ha det s\u00e5 anm\u00e4l dig till matts@storytellers.se s\u00e5 kommer du p\u00e5 listan. Vill du sen l\u00e4mna s\u00e5 \u00e4r det bara att s\u00e4ga Nej tack s\u00e5 \u00e4r du borta fr\u00e5n listan&#8230;.<\/p>\n","protected":false},"author":2,"featured_media":0,"comment_status":"open","ping_status":"closed","sticky":false,"template":"","format":"standard","meta":[],"categories":[13],"tags":[],"_links":{"self":[{"href":"https:\/\/storytellers.se\/index.php?rest_route=\/wp\/v2\/posts\/3376"}],"collection":[{"href":"https:\/\/storytellers.se\/index.php?rest_route=\/wp\/v2\/posts"}],"about":[{"href":"https:\/\/storytellers.se\/index.php?rest_route=\/wp\/v2\/types\/post"}],"author":[{"embeddable":true,"href":"https:\/\/storytellers.se\/index.php?rest_route=\/wp\/v2\/users\/2"}],"replies":[{"embeddable":true,"href":"https:\/\/storytellers.se\/index.php?rest_route=%2Fwp%2Fv2%2Fcomments&post=3376"}],"version-history":[{"count":0,"href":"https:\/\/storytellers.se\/index.php?rest_route=\/wp\/v2\/posts\/3376\/revisions"}],"wp:attachment":[{"href":"https:\/\/storytellers.se\/index.php?rest_route=%2Fwp%2Fv2%2Fmedia&parent=3376"}],"wp:term":[{"taxonomy":"category","embeddable":true,"href":"https:\/\/storytellers.se\/index.php?rest_route=%2Fwp%2Fv2%2Fcategories&post=3376"},{"taxonomy":"post_tag","embeddable":true,"href":"https:\/\/storytellers.se\/index.php?rest_route=%2Fwp%2Fv2%2Ftags&post=3376"}],"curies":[{"name":"wp","href":"https:\/\/api.w.org\/{rel}","templated":true}]}}