{"id":3374,"date":"2013-04-02T16:19:48","date_gmt":"2013-04-02T15:19:48","guid":{"rendered":"http:\/\/heijbel.wordpress.com\/2013\/04\/02\/bil-min-gast-25-april-i-goteborg"},"modified":"2013-04-02T16:19:48","modified_gmt":"2013-04-02T15:19:48","slug":"bil-min-gast-25-april-i-goteborg","status":"publish","type":"post","link":"https:\/\/storytellers.se\/?p=3374","title":{"rendered":"Bil min g\u00e4st 25 april i G\u00f6teborg"},"content":{"rendered":"<p>Den 25 april h\u00e5ller jag en frukostf\u00f6rel\u00e4sning i G\u00f6teborg i samarrangemang med <em>Plyhm Kommunikation<\/em>. Vill du bli min g\u00e4st s\u00e5 mejla <a href=\"mailto:matts@storytellers.se\">matts@storytellers.se<\/a> och skriv 25 april s\u00e5 \u00e5terkommer jag med detaljerna.<\/p>\n","protected":false},"excerpt":{"rendered":"<p>Den 25 april h\u00e5ller jag en frukostf\u00f6rel\u00e4sning i G\u00f6teborg i samarrangemang med Plyhm Kommunikation. Vill du bli min g\u00e4st s\u00e5 mejla matts@storytellers.se och skriv 25 april s\u00e5 \u00e5terkommer jag med detaljerna.<\/p>\n","protected":false},"author":2,"featured_media":0,"comment_status":"open","ping_status":"closed","sticky":false,"template":"","format":"standard","meta":[],"categories":[9],"tags":[],"_links":{"self":[{"href":"https:\/\/storytellers.se\/index.php?rest_route=\/wp\/v2\/posts\/3374"}],"collection":[{"href":"https:\/\/storytellers.se\/index.php?rest_route=\/wp\/v2\/posts"}],"about":[{"href":"https:\/\/storytellers.se\/index.php?rest_route=\/wp\/v2\/types\/post"}],"author":[{"embeddable":true,"href":"https:\/\/storytellers.se\/index.php?rest_route=\/wp\/v2\/users\/2"}],"replies":[{"embeddable":true,"href":"https:\/\/storytellers.se\/index.php?rest_route=%2Fwp%2Fv2%2Fcomments&post=3374"}],"version-history":[{"count":0,"href":"https:\/\/storytellers.se\/index.php?rest_route=\/wp\/v2\/posts\/3374\/revisions"}],"wp:attachment":[{"href":"https:\/\/storytellers.se\/index.php?rest_route=%2Fwp%2Fv2%2Fmedia&parent=3374"}],"wp:term":[{"taxonomy":"category","embeddable":true,"href":"https:\/\/storytellers.se\/index.php?rest_route=%2Fwp%2Fv2%2Fcategories&post=3374"},{"taxonomy":"post_tag","embeddable":true,"href":"https:\/\/storytellers.se\/index.php?rest_route=%2Fwp%2Fv2%2Ftags&post=3374"}],"curies":[{"name":"wp","href":"https:\/\/api.w.org\/{rel}","templated":true}]}}