{"id":3372,"date":"2013-03-30T09:12:50","date_gmt":"2013-03-30T08:12:50","guid":{"rendered":"http:\/\/heijbel.wordpress.com\/2013\/03\/30\/franciskusberattelser"},"modified":"2013-03-30T09:12:50","modified_gmt":"2013-03-30T08:12:50","slug":"franciskusberattelser","status":"publish","type":"post","link":"https:\/\/storytellers.se\/?p=3372","title":{"rendered":"Franciskusber\u00e4ttelser"},"content":{"rendered":"<p>Storytelling har ibland en tendens att fastna i det f\u00f6rflutna. Hur det var f\u00f6rr. Vad har vi gjort som vi har nytta av att ber\u00e4tta om? Det g\u00e4ller inte minst kyrkan som ju s\u00e5 att s\u00e4ga har den gamla ber\u00e4ttelsen som aff\u00e4rsid\u00e9.<br \/>\nSom Corporate Storyteller f\u00e5r jag d\u00e4rf\u00f6r ofta p\u00e5minna om att det \u00e4r dagens ber\u00e4ttelser och kanske till och med dem som vi hoppas ska ske som \u00e4r de kraftfullaste. Man kan helt enkelt som en annan Kamprad regissera sig in i framtiden.<br \/>\nDet tycker jag att den nya p\u00e5ven g\u00f6r, han kallar sig exempelvis helt enkelt <strong>Franciskus<\/strong>. Inte <strong><em>P\u00e5ve<\/em> Franciskus<\/strong>.<br \/>\nFranciskus \u00e5ker buss i Argentina. Han tar enklare smycken \u00e4n sina f\u00f6retr\u00e4dre och v\u00e4ljer att bo i en enkel tv\u00e5a i Vatikanen ist\u00e4llet f\u00f6r stora p\u00e5velyan med tio rum, altan och utsikt. Han \u00e5ker till f\u00e4ngelset p\u00e5 sk\u00e4rstordagen och tv\u00e4ttar tolv f\u00e5ngars f\u00f6tter. Tv\u00e5 av dem \u00e4r kvinnor och n\u00e5gon dessutom muslim.<br \/>\nSnacka om att agera regisserat. Det blir till ber\u00e4ttelsen om den som hanterar <em>Den Stora Ber\u00e4ttelsen<\/em>.<br \/>\nJag s\u00e4ger ofta till mina uppdragsgivare att de b\u00f6r agera strategiskt och regisserat om de vill p\u00e5verka snacket om verksamheten och organisationen. Ledarens stil \u00e4r f\u00f6rst\u00e5s viktig h\u00e4r. Det verkar faktiskt som om Franciskus har bra r\u00e5dgivare eller s\u00e5 har han s\u00e5 gott PR-sinne alldeles p\u00e5 egen hand.<\/p>\n","protected":false},"excerpt":{"rendered":"<p>Storytelling har ibland en tendens att fastna i det f\u00f6rflutna. Hur det var f\u00f6rr. Vad har vi gjort som vi har nytta av att ber\u00e4tta om? Det g\u00e4ller inte minst kyrkan som ju s\u00e5 att s\u00e4ga har den gamla ber\u00e4ttelsen som aff\u00e4rsid\u00e9. Som Corporate Storyteller f\u00e5r jag d\u00e4rf\u00f6r ofta p\u00e5minna om att det \u00e4r dagens&#8230;<\/p>\n","protected":false},"author":2,"featured_media":0,"comment_status":"open","ping_status":"closed","sticky":false,"template":"","format":"standard","meta":[],"categories":[4],"tags":[],"_links":{"self":[{"href":"https:\/\/storytellers.se\/index.php?rest_route=\/wp\/v2\/posts\/3372"}],"collection":[{"href":"https:\/\/storytellers.se\/index.php?rest_route=\/wp\/v2\/posts"}],"about":[{"href":"https:\/\/storytellers.se\/index.php?rest_route=\/wp\/v2\/types\/post"}],"author":[{"embeddable":true,"href":"https:\/\/storytellers.se\/index.php?rest_route=\/wp\/v2\/users\/2"}],"replies":[{"embeddable":true,"href":"https:\/\/storytellers.se\/index.php?rest_route=%2Fwp%2Fv2%2Fcomments&post=3372"}],"version-history":[{"count":0,"href":"https:\/\/storytellers.se\/index.php?rest_route=\/wp\/v2\/posts\/3372\/revisions"}],"wp:attachment":[{"href":"https:\/\/storytellers.se\/index.php?rest_route=%2Fwp%2Fv2%2Fmedia&parent=3372"}],"wp:term":[{"taxonomy":"category","embeddable":true,"href":"https:\/\/storytellers.se\/index.php?rest_route=%2Fwp%2Fv2%2Fcategories&post=3372"},{"taxonomy":"post_tag","embeddable":true,"href":"https:\/\/storytellers.se\/index.php?rest_route=%2Fwp%2Fv2%2Ftags&post=3372"}],"curies":[{"name":"wp","href":"https:\/\/api.w.org\/{rel}","templated":true}]}}