{"id":3368,"date":"2013-03-21T11:08:06","date_gmt":"2013-03-21T10:08:06","guid":{"rendered":"http:\/\/heijbel.wordpress.com\/2013\/03\/21\/bli-min-gast-2-april"},"modified":"2013-03-21T11:08:06","modified_gmt":"2013-03-21T10:08:06","slug":"bli-min-gast-2-april","status":"publish","type":"post","link":"https:\/\/storytellers.se\/?p=3368","title":{"rendered":"Bli min g\u00e4st 2 april"},"content":{"rendered":"<p>Bli min seminarieg\u00e4st p\u00e5 S\u00f6dermalm i Stockholm den 2 april p\u00e5 f\u00f6rmiddagen. Lite mingel och en timmes f\u00f6rel\u00e4sning av mig. M\u00f6jlighet till eftersnack. 09.00 &#8211; 11.00 h\u00e5ller vi p\u00e5. Vi b\u00f6rjar med fika och lite mingel. Sj\u00e4lva f\u00f6rel\u00e4sningen b\u00f6rjar 09.30 prick och h\u00e5ller p\u00e5 till 10.30. Det finns m\u00f6jlighet till eftersnack. Jag bjuder. Om du vill komma s\u00e5 skriv <strong>2 april ja tack<\/strong> till <a href=\"mailto:matts@storytellers.se\">matts@storytellers.se<\/a> s\u00e5 \u00e5terkommer jag med adress och kod.<\/p>\n","protected":false},"excerpt":{"rendered":"<p>Bli min seminarieg\u00e4st p\u00e5 S\u00f6dermalm i Stockholm den 2 april p\u00e5 f\u00f6rmiddagen. Lite mingel och en timmes f\u00f6rel\u00e4sning av mig. M\u00f6jlighet till eftersnack. 09.00 &#8211; 11.00 h\u00e5ller vi p\u00e5. Vi b\u00f6rjar med fika och lite mingel. Sj\u00e4lva f\u00f6rel\u00e4sningen b\u00f6rjar 09.30 prick och h\u00e5ller p\u00e5 till 10.30. Det finns m\u00f6jlighet till eftersnack. Jag bjuder. Om du&#8230;<\/p>\n","protected":false},"author":2,"featured_media":0,"comment_status":"open","ping_status":"closed","sticky":false,"template":"","format":"standard","meta":[],"categories":[9],"tags":[],"_links":{"self":[{"href":"https:\/\/storytellers.se\/index.php?rest_route=\/wp\/v2\/posts\/3368"}],"collection":[{"href":"https:\/\/storytellers.se\/index.php?rest_route=\/wp\/v2\/posts"}],"about":[{"href":"https:\/\/storytellers.se\/index.php?rest_route=\/wp\/v2\/types\/post"}],"author":[{"embeddable":true,"href":"https:\/\/storytellers.se\/index.php?rest_route=\/wp\/v2\/users\/2"}],"replies":[{"embeddable":true,"href":"https:\/\/storytellers.se\/index.php?rest_route=%2Fwp%2Fv2%2Fcomments&post=3368"}],"version-history":[{"count":0,"href":"https:\/\/storytellers.se\/index.php?rest_route=\/wp\/v2\/posts\/3368\/revisions"}],"wp:attachment":[{"href":"https:\/\/storytellers.se\/index.php?rest_route=%2Fwp%2Fv2%2Fmedia&parent=3368"}],"wp:term":[{"taxonomy":"category","embeddable":true,"href":"https:\/\/storytellers.se\/index.php?rest_route=%2Fwp%2Fv2%2Fcategories&post=3368"},{"taxonomy":"post_tag","embeddable":true,"href":"https:\/\/storytellers.se\/index.php?rest_route=%2Fwp%2Fv2%2Ftags&post=3368"}],"curies":[{"name":"wp","href":"https:\/\/api.w.org\/{rel}","templated":true}]}}