{"id":3366,"date":"2013-03-20T13:21:02","date_gmt":"2013-03-20T12:21:02","guid":{"rendered":"http:\/\/heijbel.wordpress.com\/2013\/03\/20\/ode-och-lycka"},"modified":"2013-03-20T13:21:02","modified_gmt":"2013-03-20T12:21:02","slug":"ode-och-lycka","status":"publish","type":"post","link":"https:\/\/storytellers.se\/?p=3366","title":{"rendered":"\u00d6de och lycka"},"content":{"rendered":"<p>I dagarna firas <em>V\u00e4rldsber\u00e4ttardagen<\/em>. I \u00f6ver 20-l\u00e4nder samlas m\u00e4nniskor och ber\u00e4ttar muntligt f\u00f6r varandra och f\u00f6r den publik som samlats. Sj\u00e4lv ska jag medverka p\u00e5 Stockholms Stadsmuseum nu p\u00e5 l\u00f6rdag 23 mars. Vi \u00e4r 15-20 ber\u00e4ttare som ska tala p\u00e5 temat <strong><em>\u00d6de och lycka<\/em><\/strong>. Sj\u00e4lv ing\u00e5r jag i timmen mellan 13-14. Hela evenemanget p\u00e5g\u00e5r mellan 13-16.<br \/>\nJag f\u00f6rs\u00f6ker i de h\u00e4r sammanhangen att binda samman det traditionella ber\u00e4ttandet med organisations- och f\u00f6retagsber\u00e4ttande. Det \u00e4r liksom min roll i de h\u00e4r sammanhangen. Dagens organisationsber\u00e4ttelser \u00e4r morgondagens folklore, som jag ser det.<\/p>\n","protected":false},"excerpt":{"rendered":"<p>I dagarna firas V\u00e4rldsber\u00e4ttardagen. I \u00f6ver 20-l\u00e4nder samlas m\u00e4nniskor och ber\u00e4ttar muntligt f\u00f6r varandra och f\u00f6r den publik som samlats. Sj\u00e4lv ska jag medverka p\u00e5 Stockholms Stadsmuseum nu p\u00e5 l\u00f6rdag 23 mars. Vi \u00e4r 15-20 ber\u00e4ttare som ska tala p\u00e5 temat \u00d6de och lycka. Sj\u00e4lv ing\u00e5r jag i timmen mellan 13-14. Hela evenemanget p\u00e5g\u00e5r mellan&#8230;<\/p>\n","protected":false},"author":2,"featured_media":0,"comment_status":"open","ping_status":"closed","sticky":false,"template":"","format":"standard","meta":[],"categories":[9],"tags":[],"_links":{"self":[{"href":"https:\/\/storytellers.se\/index.php?rest_route=\/wp\/v2\/posts\/3366"}],"collection":[{"href":"https:\/\/storytellers.se\/index.php?rest_route=\/wp\/v2\/posts"}],"about":[{"href":"https:\/\/storytellers.se\/index.php?rest_route=\/wp\/v2\/types\/post"}],"author":[{"embeddable":true,"href":"https:\/\/storytellers.se\/index.php?rest_route=\/wp\/v2\/users\/2"}],"replies":[{"embeddable":true,"href":"https:\/\/storytellers.se\/index.php?rest_route=%2Fwp%2Fv2%2Fcomments&post=3366"}],"version-history":[{"count":0,"href":"https:\/\/storytellers.se\/index.php?rest_route=\/wp\/v2\/posts\/3366\/revisions"}],"wp:attachment":[{"href":"https:\/\/storytellers.se\/index.php?rest_route=%2Fwp%2Fv2%2Fmedia&parent=3366"}],"wp:term":[{"taxonomy":"category","embeddable":true,"href":"https:\/\/storytellers.se\/index.php?rest_route=%2Fwp%2Fv2%2Fcategories&post=3366"},{"taxonomy":"post_tag","embeddable":true,"href":"https:\/\/storytellers.se\/index.php?rest_route=%2Fwp%2Fv2%2Ftags&post=3366"}],"curies":[{"name":"wp","href":"https:\/\/api.w.org\/{rel}","templated":true}]}}