{"id":3364,"date":"2013-03-18T16:44:43","date_gmt":"2013-03-18T15:44:43","guid":{"rendered":"http:\/\/heijbel.wordpress.com\/2013\/03\/18\/till-orebro-28-maj"},"modified":"2013-03-18T16:44:43","modified_gmt":"2013-03-18T15:44:43","slug":"till-orebro-28-maj","status":"publish","type":"post","link":"https:\/\/storytellers.se\/?p=3364","title":{"rendered":"Till \u00d6rebro 28 maj"},"content":{"rendered":"<p>I samarbete med Spiran bes\u00f6ker jag \u00d6rebro den 28 maj. Det \u00e4r ett seminarium med workshop som \u00e4r \u00f6ppet f\u00f6r m\u00e4nniskor fr\u00e5n privat, ideell och offentlig sektor. <a href=\"http:\/\/www.spiran.se\/kurs\/140_corporate_storytelling_med_matts_hejbel.html\"><strong><em>H\u00e4r<\/em><\/strong><\/a> kan du l\u00e4sa mer om den.<\/p>\n","protected":false},"excerpt":{"rendered":"<p>I samarbete med Spiran bes\u00f6ker jag \u00d6rebro den 28 maj. Det \u00e4r ett seminarium med workshop som \u00e4r \u00f6ppet f\u00f6r m\u00e4nniskor fr\u00e5n privat, ideell och offentlig sektor. H\u00e4r kan du l\u00e4sa mer om den.<\/p>\n","protected":false},"author":2,"featured_media":0,"comment_status":"open","ping_status":"closed","sticky":false,"template":"","format":"standard","meta":[],"categories":[9],"tags":[],"_links":{"self":[{"href":"https:\/\/storytellers.se\/index.php?rest_route=\/wp\/v2\/posts\/3364"}],"collection":[{"href":"https:\/\/storytellers.se\/index.php?rest_route=\/wp\/v2\/posts"}],"about":[{"href":"https:\/\/storytellers.se\/index.php?rest_route=\/wp\/v2\/types\/post"}],"author":[{"embeddable":true,"href":"https:\/\/storytellers.se\/index.php?rest_route=\/wp\/v2\/users\/2"}],"replies":[{"embeddable":true,"href":"https:\/\/storytellers.se\/index.php?rest_route=%2Fwp%2Fv2%2Fcomments&post=3364"}],"version-history":[{"count":0,"href":"https:\/\/storytellers.se\/index.php?rest_route=\/wp\/v2\/posts\/3364\/revisions"}],"wp:attachment":[{"href":"https:\/\/storytellers.se\/index.php?rest_route=%2Fwp%2Fv2%2Fmedia&parent=3364"}],"wp:term":[{"taxonomy":"category","embeddable":true,"href":"https:\/\/storytellers.se\/index.php?rest_route=%2Fwp%2Fv2%2Fcategories&post=3364"},{"taxonomy":"post_tag","embeddable":true,"href":"https:\/\/storytellers.se\/index.php?rest_route=%2Fwp%2Fv2%2Ftags&post=3364"}],"curies":[{"name":"wp","href":"https:\/\/api.w.org\/{rel}","templated":true}]}}