{"id":3362,"date":"2013-03-14T17:46:47","date_gmt":"2013-03-14T16:46:47","guid":{"rendered":"http:\/\/heijbel.wordpress.com\/2013\/03\/14\/nyhetsbrev-78-kurs-och-lite-storytank"},"modified":"2013-03-14T17:46:47","modified_gmt":"2013-03-14T16:46:47","slug":"nyhetsbrev-78-kurs-och-lite-storytank","status":"publish","type":"post","link":"https:\/\/storytellers.se\/?p=3362","title":{"rendered":"Nyhetsbrev 78: Kurs och lite storyt\u00e4nk"},"content":{"rendered":"<p>I dag har cirka 4.500 prenumeranter f\u00e5tt det sjuttio\u00e5ttonde nyhetsbrevet fr\u00e5n Storytellers.se. Brevet kommer en g\u00e5ng i m\u00e5naden och \u00e4r kostnadsfritt. Vill du ocks\u00e5 ha det s\u00e5 mejla <em>Nyhetsbrev<\/em> till matts@storytellers.se s\u00e5 l\u00e4gger jag in dig i s\u00e4ndlistan. Du kan f\u00f6rst\u00e5s n\u00e4r som helst g\u00e5 ur igen.<br \/>\nL\u00e4s Nyhetsbrev 78 via l\u00e4nken h\u00e4r under<\/p>\n<p><!--more--><br \/>\nNyhetsbrev 78:<br \/>\nHej Storytellerv\u00e4n<br \/>\nH\u00e4r \u00e4r det sjuttio\u00e5ttonde nyhetsbrevet fr\u00e5n Storytellers. Jag som skriver heter \u00e4ven denna den sjuttio\u00e5ttonde g\u00e5ngen <strong>Matts Heijbel<\/strong>. Jag ber\u00e4ttar h\u00e4r lite om de tankar som passerat genom mig sen senast och jag ber\u00e4ttar ocks\u00e5 om seminarier, f\u00f6rel\u00e4sningar och kurser. Mer om det l\u00e4ngre ned. Jag har exempelvis en frukostf\u00f6rel\u00e4sning igen och jag har en riktig kurs i <em>Corporate Storytelling<\/em> 4 x 3 tim i Stockholm i april.<br \/>\n+++++++++++++++++++++++++++++++++++++++++++++++++++++<br \/>\nOm man inte har ett namn s\u00e5 finns man inte. Men med ett namn eller en ben\u00e4mning s\u00e5 kan man b\u00f6rja ber\u00e4tta f\u00f6r att fylla detta namn med inneh\u00e5ll. Varifr\u00e5n kommer man, var \u00e4r man nu och vart \u00e4r man p\u00e5 v\u00e4g?<br \/>\nDetta g\u00e4ller m\u00e4nniskor men ocks\u00e5 organisationer, produkter och tj\u00e4nster.<br \/>\nVi kallar platser f\u00f6r stranden, underbara \u00e4ngen, kantarellskogen och s\u00e5. D\u00e5 kan vi ocks\u00e5 ladda in k\u00e4nslor som b\u00e4rs av ber\u00e4ttelser. Ber\u00e4ttelser som befruktar och befolkar denna plats. Det samma g\u00e4ller med personer. Vem \u00e4r Matts? Vem \u00e4r Obama? Vem \u00e4r Volvo? Vem \u00e4r Socialstyrelsen?<br \/>\nDet sp\u00e4nnande med <em>Corporate Storytelling<\/em> \u00e4r att det ocks\u00e5 g\u00e4ller organisationer, varor och tj\u00e4nster. Det \u00e4r det storytellers.se envist har upprepat p\u00e5 en h\u00e4r bloggen sen drygt 10 \u00e5r.<br \/>\nN\u00e4r man bygger en ber\u00e4ttande organisation s\u00e5 inser man snart att det finns ber\u00e4ttelser d\u00e4r ute ocks\u00e5. Om oss v\u00e5ra varor och tj\u00e4nster. Hur g\u00e5r snacket? \u00c4r vi beredda att lyssna. De s\u00e4ger kanske n\u00e5got annat som vi b\u00f6r veta och som kanske i sig rymmer fr\u00f6et till n\u00e4sta vara eller tj\u00e4nst. Till v\u00e5r framtid.<br \/>\nMan skulle kunna s\u00e4ga, lite f\u00f6renklat: Inget namn &#8211; inga ber\u00e4ttelser &#8211; inget varum\u00e4rke. Ta det och t\u00e4nk p\u00e5 det gamla tales\u00e4ttet m\u00e4nniskan har tv\u00e5 \u00f6ron och en mun.<br \/>\n+++++++++++++++++++++++++++++++++++++++++++++++++++++<br \/>\nP\u00e5 Storytellers.se har jag en l\u00e4nk till en film om <em>Lego<\/em>. Filmen har visats p\u00e5 Youtube mer \u00e4n fyra miljoner g\u00e5nger. Det \u00e4r en ambiti\u00f6s animerad ber\u00e4ttelse om familjef\u00f6retaget som via dramatiska och ofta magiska h\u00e4ndelser har lett fram till dagens Lego. Allts\u00e5 en ambiti\u00f6s storytelling. Men i regel propagerar jag f\u00f6r de sm\u00e5, l\u00e4ttflyktiga ber\u00e4ttelserna som enkelt f\u00f6rs vidare muntligt och som sprids med vinden.<br \/>\n+++++++++++++++++++++++++++++++++++++++++++++++++++++<br \/>\nJag brukar ofta s\u00e4ga att organisation \u00e4r m\u00e4nniskor. Det h\u00e4nder alltf\u00f6r ofta att folk ser f\u00f6rbi m\u00e4nniskorna och talar om organisation som ett obefolkat schema eller en ritning. Pilar, boxar. Streck \u00e5t sidan och streck uppifr\u00e5n och ned. Man abstraherar livet och folket som \u00e4r f\u00f6ruts\u00e4ttningen f\u00f6r att f\u00e5 n\u00e5got att h\u00e4nda.<br \/>\nEn organisation beskrivs b\u00e4st genom m\u00e4nniskor som har en relation till organisationen och dess verksamhet. Ber\u00e4ttelser som visar varf\u00f6r vi finns och vilken mening det \u00e4r med att vi finns i samh\u00e4llet. En s\u00e5dan ber\u00e4ttelse m\u00e5ste sj\u00e4lvfallet vara befolkad. D\u00e5 talar vi organisation.<br \/>\nAtt kunna sin organisations kultur buren av sanna ber\u00e4ttelser \u00e4r A &amp; O. S\u00e4ljaren kan vara traditionsb\u00e4rare av ber\u00e4ttelser d\u00e4r varan eller tj\u00e4nsten \u00e4r hj\u00e4lten och r\u00e4ddaren i n\u00f6den. Mellanchefen kan med ber\u00e4ttelser driva p\u00e5 och med exempel visa hur vi som f\u00e5r detta att fungera kan offra en del nu och ge det lilla extra f\u00f6r att n\u00e5 framg\u00e5ng i l\u00e4ngden.<br \/>\nVDn kan vara en VB, det vill s\u00e4ga inte bara en Verkst\u00e4llande Direkt\u00f6r utan kanske ocks\u00e5 en Verkst\u00e4llande Ber\u00e4ttare, VB. Han eller hon kan ut\u00f6ver sifferrapporter bidra med emotionella ber\u00e4ttelser som p\u00e5verkar och tillfredsst\u00e4ller \u00e4gare, partners och andra intressenter i det civila samh\u00e4llet.<br \/>\nEn bra story kan till och med, utifr\u00e5n sanna h\u00e4ndelser och uppfyllda visioner, v\u00e4nda sv\u00e5ra situationer och motg\u00e5ngar till framg\u00e5ng och gl\u00e4dje vilket i sin tur l\u00e4gger grunden till den ber\u00e4ttelse som visar hur vi l\u00f6ste det hela.<br \/>\nF\u00f6r det handlar om att kommunicera och p\u00e5verka. D\u00e5 m\u00e5ste man visa v\u00e4rderingar. Vems v\u00e4rderingar fr\u00e5gar n\u00e5gon? Det enkla svaret \u00e4r de v\u00e4rderingar som organisationen eller flocken beh\u00f6ver f\u00f6r att \u00f6verleva, bli framg\u00e5ngsrik och f\u00f6r att kunna ber\u00e4tta sig in i framtiden. Utan livskraftiga ber\u00e4ttelser d\u00f6r man ut<br \/>\nS\u00e5 enkelt \u00e4r det. Tror man p\u00e5 det s\u00e5 \u00e4r det bara att strategiskt ladda verksamheten med den repertoar som triben beh\u00f6ver f\u00f6r att \u00f6verleva, utvecklas och locka till sig nya flockmedlemmar<br \/>\n+++++++++++++++++++++++++++++++++++++++++++++++++++++<br \/>\nDen 8e, 16e, 23e och 29e april h\u00e5ller jag en kvalificerad storytellingkurs. Det \u00e4r fyra eftermiddagar, sammanlagt 12 timmar, p\u00e5 S\u00f6dermalm i Stockholm och deltagarna f\u00e5r, de som vill, ett Diplom utf\u00e4rdat efter fullgjord kurs. Jag delar med mig av allt jag kan med femton \u00e5rs erfarenhet i Corporate Storytellingbranschen. Det finns mer om detta p\u00e5 storytellers.se<br \/>\nDen 2 april har jag en \u00f6ppen och gratis frukostf\u00f6rel\u00e4sning p\u00e5 S\u00f6dermalm. Jag bjuder p\u00e5 fika. \u00d6ppnar d\u00f6rrarna klockan 09.00 f\u00f6rel\u00e4ser mellan 09.30 &#8211; 10.30 med m\u00f6jlighet till lite eftersnack f\u00f6r den som vill. Om du vill komma s\u00e5 skicka ett mejl med rubriken 2 april till matts@storytellers.se d\u00e4r du ocks\u00e5 skriver n\u00e5gon rad om vad du arbetar med.<br \/>\nDen 15 april medverkar jag i en <em>Employer Brandingdag<\/em> i Stockholm. Mer om detta st\u00e5r p\u00e5 storytellers.se<br \/>\n+++++++++++++++++++++++++++++++++++++++++++++++++++++<br \/>\nDet var allt f\u00f6r denna g\u00e5ng. Jag som skriver heter allts\u00e5 Matts Heijbel och du f\u00e5r detta nyhetsbrev f\u00f6r att du bett om det f\u00f6r att vi samarbetat eller f\u00f6r att du varit p\u00e5 mina seminarier och skrivit upp dig p\u00e5 en lista. Vill du inte vara med l\u00e4ngre s\u00e5 v\u00e4nd bara detta mejl med ett Nej Tack s\u00e5 stryker jag dig ur listan.<br \/>\nH\u00e4lsningar fr\u00e5n Matts Heijbel<br \/>\nStockholm \/ Gr\u00f6dinge 14 mars 2013<\/p>\n","protected":false},"excerpt":{"rendered":"<p>I dag har cirka 4.500 prenumeranter f\u00e5tt det sjuttio\u00e5ttonde nyhetsbrevet fr\u00e5n Storytellers.se. Brevet kommer en g\u00e5ng i m\u00e5naden och \u00e4r kostnadsfritt. Vill du ocks\u00e5 ha det s\u00e5 mejla Nyhetsbrev till matts@storytellers.se s\u00e5 l\u00e4gger jag in dig i s\u00e4ndlistan. Du kan f\u00f6rst\u00e5s n\u00e4r som helst g\u00e5 ur igen. L\u00e4s Nyhetsbrev 78 via l\u00e4nken h\u00e4r under<\/p>\n","protected":false},"author":2,"featured_media":0,"comment_status":"open","ping_status":"closed","sticky":false,"template":"","format":"standard","meta":[],"categories":[8],"tags":[],"_links":{"self":[{"href":"https:\/\/storytellers.se\/index.php?rest_route=\/wp\/v2\/posts\/3362"}],"collection":[{"href":"https:\/\/storytellers.se\/index.php?rest_route=\/wp\/v2\/posts"}],"about":[{"href":"https:\/\/storytellers.se\/index.php?rest_route=\/wp\/v2\/types\/post"}],"author":[{"embeddable":true,"href":"https:\/\/storytellers.se\/index.php?rest_route=\/wp\/v2\/users\/2"}],"replies":[{"embeddable":true,"href":"https:\/\/storytellers.se\/index.php?rest_route=%2Fwp%2Fv2%2Fcomments&post=3362"}],"version-history":[{"count":0,"href":"https:\/\/storytellers.se\/index.php?rest_route=\/wp\/v2\/posts\/3362\/revisions"}],"wp:attachment":[{"href":"https:\/\/storytellers.se\/index.php?rest_route=%2Fwp%2Fv2%2Fmedia&parent=3362"}],"wp:term":[{"taxonomy":"category","embeddable":true,"href":"https:\/\/storytellers.se\/index.php?rest_route=%2Fwp%2Fv2%2Fcategories&post=3362"},{"taxonomy":"post_tag","embeddable":true,"href":"https:\/\/storytellers.se\/index.php?rest_route=%2Fwp%2Fv2%2Ftags&post=3362"}],"curies":[{"name":"wp","href":"https:\/\/api.w.org\/{rel}","templated":true}]}}