{"id":3360,"date":"2013-03-14T14:05:25","date_gmt":"2013-03-14T13:05:25","guid":{"rendered":"http:\/\/heijbel.wordpress.com\/2013\/03\/14\/rejal-kurs-i-corporate-storytelling"},"modified":"2013-03-14T14:05:25","modified_gmt":"2013-03-14T13:05:25","slug":"rejal-kurs-i-corporate-storytelling","status":"publish","type":"post","link":"https:\/\/storytellers.se\/?p=3360","title":{"rendered":"Rej\u00e4l kurs i Corporate Storytelling"},"content":{"rendered":"<p>Nu har jag efter m\u00e5nga f\u00f6rf\u00e5gningar beslutat att h\u00e5lla en rej\u00e4l kurs i Corporate Storytelling \/ Storytelling i och om organisationer. Den v\u00e4nder sig till yrkesverksamma som vill bli b\u00e4ttre p\u00e5 att utveckla och anv\u00e4nda ber\u00e4ttelsernas kraft.<br \/>\nKursen \u00e4r \u00f6ppen f\u00f6r m\u00e4nniskor fr\u00e5n privat, offentlig och ideell sektor. Blandningen brukar upplevas som en stimulerande f\u00f6rdel n\u00e4r deltagarna delar erfarenheter och uppslag.<br \/>\nDen har en klart praktisk inriktning och kr\u00e4ver en del arbete mellan kurstillf\u00e4llena. Jag delar med mig av allt jag kan och allt jag varit med om som storyteller \/ storylistener i snart femton \u00e5r.<br \/>\nKursen h\u00e5lls p\u00e5 S\u00f6dermalm i Stockholm den 8e, 16e, 23e och 29e april. Eftermiddagar mellan 13-16. L\u00e4gg m\u00e4rke till att det \u00e4r tre m\u00e5ndagar och en tisdag. I korthet ser uppl\u00e4gget ut s\u00e5 h\u00e4r:<br \/>\n\u2022 F\u00f6rsta kurstillf\u00e4llet rymmer inspirationsf\u00f6rel\u00e4sning med text och filmexempel. Vi diskuterar exemplen som jag visar och diskuterar ocks\u00e5 varandras organisationer och hur de olika deltagarna kan anv\u00e4nda sig strategiskt av Storytelling. Hemarbete delas ut.<br \/>\n\u2022 Andra kurstillf\u00e4llet baseras p\u00e5 deltagarna hemarbete. Vi vrider och v\u00e4nder p\u00e5 de ber\u00e4ttelser deltagarna levererar. Jag analyserar allas bidrag och f\u00f6resl\u00e5r strategiska f\u00f6rb\u00e4ttringar och t\u00e4nkbara \u00e4ndringar. Hemarbete delas ut.<br \/>\n\u2022 Tredje kurstillf\u00e4llet baseras \u00e5ter p\u00e5 deltagarnas hemarbete. Gruppen har nu b\u00f6rjat utveckla ett konstruktivt spr\u00e5k om spr\u00e5ket. Vi talar kreativt och positivt om hur en ber\u00e4ttelse g\u00f6r mest strategisk nytta f\u00f6r organisationen, varan, tj\u00e4nsten etc. Vill vi anv\u00e4nda ber\u00e4ttelsen i marknadsf\u00f6ring, s\u00e4lj, ledarskap, rekrytering eller bara f\u00f6retagskulturellt byggande? Hemarbete delas ut som denna g\u00e5ng inneb\u00e4r muntligt framf\u00f6rande.<br \/>\n\u2022 Fj\u00e4rde och sista kurstillf\u00e4llet ger deltagarna m\u00f6jlighet att muntligt framf\u00f6ra sin \/ sina ber\u00e4ttelser. Gruppen reagerar och diskuterar och vi f\u00f6rs\u00f6ker tillsammans ge r\u00e5d och id\u00e9er som utvecklar ber\u00e4ttelserna. Jag summerar erfarenheterna och ger alla deltagare strategiska tips och r\u00e5d.<br \/>\n<strong>Hela tiden mellan kurstillf\u00e4llena finns jag tillg\u00e4nglig som r\u00e5dgivare och coach via mejl och telefon.<\/strong><br \/>\n<em>Den tredje omarbetade upplagan av min bok <strong>Storytelling befolkar varum\u00e4rket<\/strong> ing\u00e5r i kursen liksom fika och macka vid varje kurstillf\u00e4lle. Kursavgiften f\u00f6r 12 timmar erl\u00e4ggs innan kursstart och \u00e4r 11.900 sek + moms. Tv\u00e5 eller flera fr\u00e5n samma arbetsplats ger 30 procents rabatt vardera ( 8.330 sek + moms ). Anm\u00e4lan och\/eller f\u00f6rfr\u00e5gningar till <a href=\"mailto:matts@storytellers.se\">matts@storytellers.se<\/a><\/em><\/p>\n","protected":false},"excerpt":{"rendered":"<p>Nu har jag efter m\u00e5nga f\u00f6rf\u00e5gningar beslutat att h\u00e5lla en rej\u00e4l kurs i Corporate Storytelling \/ Storytelling i och om organisationer. Den v\u00e4nder sig till yrkesverksamma som vill bli b\u00e4ttre p\u00e5 att utveckla och anv\u00e4nda ber\u00e4ttelsernas kraft. Kursen \u00e4r \u00f6ppen f\u00f6r m\u00e4nniskor fr\u00e5n privat, offentlig och ideell sektor. Blandningen brukar upplevas som en stimulerande f\u00f6rdel&#8230;<\/p>\n","protected":false},"author":2,"featured_media":0,"comment_status":"open","ping_status":"closed","sticky":false,"template":"","format":"standard","meta":[],"categories":[7],"tags":[],"_links":{"self":[{"href":"https:\/\/storytellers.se\/index.php?rest_route=\/wp\/v2\/posts\/3360"}],"collection":[{"href":"https:\/\/storytellers.se\/index.php?rest_route=\/wp\/v2\/posts"}],"about":[{"href":"https:\/\/storytellers.se\/index.php?rest_route=\/wp\/v2\/types\/post"}],"author":[{"embeddable":true,"href":"https:\/\/storytellers.se\/index.php?rest_route=\/wp\/v2\/users\/2"}],"replies":[{"embeddable":true,"href":"https:\/\/storytellers.se\/index.php?rest_route=%2Fwp%2Fv2%2Fcomments&post=3360"}],"version-history":[{"count":0,"href":"https:\/\/storytellers.se\/index.php?rest_route=\/wp\/v2\/posts\/3360\/revisions"}],"wp:attachment":[{"href":"https:\/\/storytellers.se\/index.php?rest_route=%2Fwp%2Fv2%2Fmedia&parent=3360"}],"wp:term":[{"taxonomy":"category","embeddable":true,"href":"https:\/\/storytellers.se\/index.php?rest_route=%2Fwp%2Fv2%2Fcategories&post=3360"},{"taxonomy":"post_tag","embeddable":true,"href":"https:\/\/storytellers.se\/index.php?rest_route=%2Fwp%2Fv2%2Ftags&post=3360"}],"curies":[{"name":"wp","href":"https:\/\/api.w.org\/{rel}","templated":true}]}}