{"id":3358,"date":"2013-03-14T12:18:43","date_gmt":"2013-03-14T11:18:43","guid":{"rendered":"http:\/\/heijbel.wordpress.com\/2013\/03\/14\/familjen-raddades-pa-fjallet"},"modified":"2013-03-14T12:18:43","modified_gmt":"2013-03-14T11:18:43","slug":"familjen-raddades-pa-fjallet","status":"publish","type":"post","link":"https:\/\/storytellers.se\/?p=3358","title":{"rendered":"Familjen r\u00e4ddades p\u00e5 fj\u00e4llet"},"content":{"rendered":"<p>Jag var med och sk\u00f6rdade ber\u00e4ttelser f\u00f6r gr\u00e4ns\u00f6verskridande samarbete mellan Sverige och Norge kallat Interreg Sverige-Norge som \u00e4r en del EUs regionala utvecklingsarbete. Efter inspirationsseminarium, workshop och sk\u00f6rdefest hade vi ett antal stories som filmades p\u00e5 platsen. P\u00e5 en dryg halvdag gick vi allts\u00e5 fr\u00e5n noll till en handfull klara filmer av vilka en \u00e4r <a href=\"http:\/\/www.interreg-sverige-norge.com\/dagotto.wmv\"><strong><em>denna<\/em><\/strong><\/a> som handlar om hur gr\u00e4ns\u00f6verskridande i fj\u00e4llkedjean mellan Sverige och Norge r\u00e4ddade m\u00e4nniskoliv. Filmen bekr\u00e4ftar meningen med samarbetet. Den visar ocks\u00e5 vad mycket man kan f\u00e5 fram p\u00e5 en enda dags arbete.<\/p>\n","protected":false},"excerpt":{"rendered":"<p>Jag var med och sk\u00f6rdade ber\u00e4ttelser f\u00f6r gr\u00e4ns\u00f6verskridande samarbete mellan Sverige och Norge kallat Interreg Sverige-Norge som \u00e4r en del EUs regionala utvecklingsarbete. Efter inspirationsseminarium, workshop och sk\u00f6rdefest hade vi ett antal stories som filmades p\u00e5 platsen. P\u00e5 en dryg halvdag gick vi allts\u00e5 fr\u00e5n noll till en handfull klara filmer av vilka en \u00e4r&#8230;<\/p>\n","protected":false},"author":2,"featured_media":0,"comment_status":"open","ping_status":"closed","sticky":false,"template":"","format":"standard","meta":[],"categories":[3],"tags":[],"_links":{"self":[{"href":"https:\/\/storytellers.se\/index.php?rest_route=\/wp\/v2\/posts\/3358"}],"collection":[{"href":"https:\/\/storytellers.se\/index.php?rest_route=\/wp\/v2\/posts"}],"about":[{"href":"https:\/\/storytellers.se\/index.php?rest_route=\/wp\/v2\/types\/post"}],"author":[{"embeddable":true,"href":"https:\/\/storytellers.se\/index.php?rest_route=\/wp\/v2\/users\/2"}],"replies":[{"embeddable":true,"href":"https:\/\/storytellers.se\/index.php?rest_route=%2Fwp%2Fv2%2Fcomments&post=3358"}],"version-history":[{"count":0,"href":"https:\/\/storytellers.se\/index.php?rest_route=\/wp\/v2\/posts\/3358\/revisions"}],"wp:attachment":[{"href":"https:\/\/storytellers.se\/index.php?rest_route=%2Fwp%2Fv2%2Fmedia&parent=3358"}],"wp:term":[{"taxonomy":"category","embeddable":true,"href":"https:\/\/storytellers.se\/index.php?rest_route=%2Fwp%2Fv2%2Fcategories&post=3358"},{"taxonomy":"post_tag","embeddable":true,"href":"https:\/\/storytellers.se\/index.php?rest_route=%2Fwp%2Fv2%2Ftags&post=3358"}],"curies":[{"name":"wp","href":"https:\/\/api.w.org\/{rel}","templated":true}]}}