{"id":3356,"date":"2013-03-13T14:32:54","date_gmt":"2013-03-13T13:32:54","guid":{"rendered":"http:\/\/heijbel.wordpress.com\/2013\/03\/13\/hr-seminarium-i-stockholm-15-april"},"modified":"2013-03-13T14:32:54","modified_gmt":"2013-03-13T13:32:54","slug":"hr-seminarium-i-stockholm-15-april","status":"publish","type":"post","link":"https:\/\/storytellers.se\/?p=3356","title":{"rendered":"HR-seminarium i Stockholm 15 april"},"content":{"rendered":"<p>Den femtonde april medverkar jag och <strong>Linus Holmgren<\/strong> fr\u00e5n Employer Brandingbyr\u00e5n <em>Talent Talk<\/em> i <a href=\"http:\/\/webmail.fsdata.se\/owa\/?ae=Item&amp;t=IPM.Note&amp;id=RgAAAADBVW1XBAjNSLmleRimhUEYBwBwJt6xT6BCQKFPaqCtp3ncAAIvQAZvAABwJt6xT6BCQKFPaqCtp3ncAY3%2bZwNXAAAJ&amp;cb=0\"><strong><em>detta<\/em><\/strong><\/a> HR-seminarium i Stockholm. Det \u00e4r en \u00f6nskerepris efter ett liknande fulltecknat seminarium tidigare i \u00e5r.<\/p>\n","protected":false},"excerpt":{"rendered":"<p>Den femtonde april medverkar jag och Linus Holmgren fr\u00e5n Employer Brandingbyr\u00e5n Talent Talk i detta HR-seminarium i Stockholm. Det \u00e4r en \u00f6nskerepris efter ett liknande fulltecknat seminarium tidigare i \u00e5r.<\/p>\n","protected":false},"author":2,"featured_media":0,"comment_status":"open","ping_status":"closed","sticky":false,"template":"","format":"standard","meta":[],"categories":[9],"tags":[],"_links":{"self":[{"href":"https:\/\/storytellers.se\/index.php?rest_route=\/wp\/v2\/posts\/3356"}],"collection":[{"href":"https:\/\/storytellers.se\/index.php?rest_route=\/wp\/v2\/posts"}],"about":[{"href":"https:\/\/storytellers.se\/index.php?rest_route=\/wp\/v2\/types\/post"}],"author":[{"embeddable":true,"href":"https:\/\/storytellers.se\/index.php?rest_route=\/wp\/v2\/users\/2"}],"replies":[{"embeddable":true,"href":"https:\/\/storytellers.se\/index.php?rest_route=%2Fwp%2Fv2%2Fcomments&post=3356"}],"version-history":[{"count":0,"href":"https:\/\/storytellers.se\/index.php?rest_route=\/wp\/v2\/posts\/3356\/revisions"}],"wp:attachment":[{"href":"https:\/\/storytellers.se\/index.php?rest_route=%2Fwp%2Fv2%2Fmedia&parent=3356"}],"wp:term":[{"taxonomy":"category","embeddable":true,"href":"https:\/\/storytellers.se\/index.php?rest_route=%2Fwp%2Fv2%2Fcategories&post=3356"},{"taxonomy":"post_tag","embeddable":true,"href":"https:\/\/storytellers.se\/index.php?rest_route=%2Fwp%2Fv2%2Ftags&post=3356"}],"curies":[{"name":"wp","href":"https:\/\/api.w.org\/{rel}","templated":true}]}}