{"id":3354,"date":"2013-03-11T14:52:48","date_gmt":"2013-03-11T13:52:48","guid":{"rendered":"http:\/\/heijbel.wordpress.com\/2013\/03\/11\/utan-berattelser-finns-man-inte"},"modified":"2013-03-11T14:52:48","modified_gmt":"2013-03-11T13:52:48","slug":"utan-berattelser-finns-man-inte","status":"publish","type":"post","link":"https:\/\/storytellers.se\/?p=3354","title":{"rendered":"Utan ber\u00e4ttelser finns man inte"},"content":{"rendered":"<p>Jag har under alla mina \u00e5r som storyteller \/ storylistener p\u00e5st\u00e5tt saker som att om man inte ber\u00e4ttar finns man inte eller att den som inte lyssnar och ber\u00e4ttar avst\u00e5r fr\u00e5n att p\u00e5verka sin framtid.<br \/>\nJag har ocks\u00e5 kontakt med s\u00e5dana som jag i andra l\u00e4nder. De finns d\u00e4r ute. Exempelvis i Frankrike och Nederl\u00e4nderna och givetvis i Storbritannien, Usa och Australien. M\u00e5nga av dem har jag haft kontakt med genom \u00e5ren. Nu s\u00e5g jag helt nyligen ett resonemang av holl\u00e4ndaren <em>Peter Fruhmann<\/em> som ligger i linje med mina tankeg\u00e5ngar och som jag g\u00e4rna l\u00e5ter mig inspireras av och komplettera litegrand. Som h\u00e4r:<\/p>\n<p><!--more--><br \/>\nI samma stund som vi ger ett namn \u00e5t n\u00e5gon eller n\u00e5got s\u00e5 har vi \u00f6ppnat f\u00f6r en relation till honom\/henne eller den\/det. Vi kan b\u00f6rja ber\u00e4tta om hen eller den\/det.<br \/>\nDet \u00e4r p\u00e5 samma s\u00e4tt som traditionella kulturer gav namn \u00e5t en viss stig, en flod, ett berg eller till och med en vind. Den blev personifierad och kunde b\u00f6rja b\u00e4ra ber\u00e4ttelser som visar n\u00e5got viktigt.<br \/>\nDet inneb\u00e4r att vi som individer verkligen blir n\u00e5got n\u00e4r vi f\u00e5r ett namn. Detta g\u00e4ller ocks\u00e5 f\u00f6r en organisation eller en vara eller en tj\u00e4nst. Till namnet kopplas ber\u00e4ttelser om det f\u00f6rflutna, nutiden och framtiden.<br \/>\nDet uppst\u00e5r ibland nyanser och skillnader mellan de ber\u00e4ttelser du ber\u00e4ttar <em>till<\/em> dig sj\u00e4lv och ber\u00e4ttelser du sprider <em>om<\/em> dig sj\u00e4lv.<br \/>\nOm du heter Markus eller Emelie, Putin eller Obama, Volvo eller Skoda, Coca Cola eller Julmust, F\u00f6rs\u00e4kringskassan eller Skatteverket och s\u00e5 vidare s\u00e5 \u00e4r dessa namn ocks\u00e5 b\u00e4rare av ber\u00e4ttelser. Vad st\u00e5r de h\u00e4r namnen f\u00f6r? Vilka ber\u00e4ttelser dyker upp i dina tankar n\u00e4r du h\u00f6r namnen? Vilka <em><strong>k\u00e4nslor<\/strong><\/em> f\u00e5r du ( detta \u00e4r ju som bekant en emotionell verksamhet ).<br \/>\nOm du nu f\u00f6rs\u00f6ker erbjuda ber\u00e4ttelser om dig sj\u00e4lv, din organisation eller din produkt s\u00e5 hoppas du f\u00f6rmodligen att folk ska tro p\u00e5 dem. Lyssnaren, l\u00e4saren eller tittaren ska v\u00e4l kunna lita p\u00e5 vad de f\u00e5r h\u00f6ra.<br \/>\nDet \u00e4r allts\u00e5 emotionella v\u00e4rden kopplade till v\u00e4rderingar som finns i ber\u00e4ttelserna. De visar mening och inneh\u00e5ll och de ger dig eller din organisation eller din tj\u00e4nst eller vara en slags sj\u00e4lvst\u00e4ndighet och integritet. Det r\u00e4cker inte att spela en roll eller ber\u00e4tta en saga. Det kr\u00e4vs sj\u00e4lvst\u00e4ndighet och integritet. Sanning.<br \/>\nP\u00e5hittade reklam- eller scenariesagor riskerar att komma tillbaks till dig som en bumerang.<br \/>\nOm vi nu \u00e4r \u00f6verens s\u00e5 l\u00e5ngt kommer vi till det d\u00e4r med storylistening. Det finns ber\u00e4ttelser d\u00e4r ute, inte minst i den sociala webben, om dig, din organisation eller dina varor och tj\u00e4nster.<br \/>\n\u00c4r du beredd att ta emot dem? \u00c4r du redo f\u00f6r en dialog med kunder, \u00e4gare och andra intressenter? Om svaret \u00e4r ja s\u00e5 \u00e4r dialogen ig\u00e5ng och olika ber\u00e4ttelser kan brytas mot varandra och bidra till utveckling av personen, organisationen, varan eller tj\u00e4nsten.<br \/>\nD\u00e5 talar vi storytelling aprop\u00e5 m\u00e4nniskor och organisationer. D\u00e5 talar vi om att bygga framtid tillsammans.<br \/>\nVill vi befolka varum\u00e4rken s\u00e5 \u00e4r det bara att b\u00f6rja lyssna och tala och ber\u00e4tta oss in i framtiden. Det \u00e4r det storytellers.se envist handlar om.<\/p>\n","protected":false},"excerpt":{"rendered":"<p>Jag har under alla mina \u00e5r som storyteller \/ storylistener p\u00e5st\u00e5tt saker som att om man inte ber\u00e4ttar finns man inte eller att den som inte lyssnar och ber\u00e4ttar avst\u00e5r fr\u00e5n att p\u00e5verka sin framtid. Jag har ocks\u00e5 kontakt med s\u00e5dana som jag i andra l\u00e4nder. De finns d\u00e4r ute. Exempelvis i Frankrike och Nederl\u00e4nderna&#8230;<\/p>\n","protected":false},"author":2,"featured_media":0,"comment_status":"open","ping_status":"closed","sticky":false,"template":"","format":"standard","meta":[],"categories":[2],"tags":[],"_links":{"self":[{"href":"https:\/\/storytellers.se\/index.php?rest_route=\/wp\/v2\/posts\/3354"}],"collection":[{"href":"https:\/\/storytellers.se\/index.php?rest_route=\/wp\/v2\/posts"}],"about":[{"href":"https:\/\/storytellers.se\/index.php?rest_route=\/wp\/v2\/types\/post"}],"author":[{"embeddable":true,"href":"https:\/\/storytellers.se\/index.php?rest_route=\/wp\/v2\/users\/2"}],"replies":[{"embeddable":true,"href":"https:\/\/storytellers.se\/index.php?rest_route=%2Fwp%2Fv2%2Fcomments&post=3354"}],"version-history":[{"count":0,"href":"https:\/\/storytellers.se\/index.php?rest_route=\/wp\/v2\/posts\/3354\/revisions"}],"wp:attachment":[{"href":"https:\/\/storytellers.se\/index.php?rest_route=%2Fwp%2Fv2%2Fmedia&parent=3354"}],"wp:term":[{"taxonomy":"category","embeddable":true,"href":"https:\/\/storytellers.se\/index.php?rest_route=%2Fwp%2Fv2%2Fcategories&post=3354"},{"taxonomy":"post_tag","embeddable":true,"href":"https:\/\/storytellers.se\/index.php?rest_route=%2Fwp%2Fv2%2Ftags&post=3354"}],"curies":[{"name":"wp","href":"https:\/\/api.w.org\/{rel}","templated":true}]}}