{"id":3352,"date":"2013-03-05T14:00:48","date_gmt":"2013-03-05T13:00:48","guid":{"rendered":"http:\/\/heijbel.wordpress.com\/2013\/03\/05\/storytips"},"modified":"2013-03-05T14:00:48","modified_gmt":"2013-03-05T13:00:48","slug":"storytips","status":"publish","type":"post","link":"https:\/\/storytellers.se\/?p=3352","title":{"rendered":"Storytips"},"content":{"rendered":"<p>De som kommunicerar b\u00e4st har f\u00f6rst\u00e5tt att fakta och siffror inte lyfter utan befolkade ber\u00e4ttelser. Ber\u00e4ttelser utifr\u00e5n egna erfarenheter och organisationens kollektiva minne. Det finns n\u00e5gra tankar man kan ha i minne n\u00e4r man v\u00e4l \u00f6ka sin storymedvetenhet:<\/p>\n<p><!--more--><br \/>\n\u2022 En bra story \u00e4r alltid befolkad. Vad var det som h\u00e4nde? N\u00e4r l\u00e4rde du dig n\u00e5got viktigt? Varf\u00f6r \u00e4r du \u00f6verhuvudtaget engagerad i denna verksamhet?<br \/>\n\u2022 F\u00f6rs\u00f6k att hitta en bra inledning. B\u00f6rja allts\u00e5 inte med att s\u00e4ga att du ska ber\u00e4tta en historia eller att detta betytt mycket f\u00f6r dig utan den gamla &#8221;det var en g\u00e5ng&#8221;-stilen funkar exempelvis utm\u00e4rkt.<br \/>\n\u2022 Ta med tittaren, l\u00e4saren, lyssnaren p\u00e5 en resa. &#8221; En dag n\u00e4r jag kom till jobbet l\u00e5g ett m\u00e4rkligt mejl  min inbox&#8221; eller &#8221; N\u00e4r jag satt p\u00e5 bussen och s\u00e5g en kvinna med tv\u00e5 sm\u00e5 barn s\u00e5 slog det mig&#8230;&#8221; eller &#8221; varf\u00f6r finns det inte en apparat som&#8230;&#8221;<br \/>\n\u2022 Var inte f\u00f6r snabb utan l\u00e5t det ta lite tid. Tala lugnt och var inte r\u00e4tt f\u00f6r korta pauser. M\u00e5la upp scener och befolka dem.<br \/>\n\u2022 F\u00f6rs\u00f6k h\u00e5lla tittaren, l\u00e4saren, lyssnaren p\u00e5 halster. En pl\u00f6tslig gripande uppl\u00f6sning som ger g\u00e5shud g\u00f6r att ber\u00e4ttelsen sitter d\u00e4r f\u00f6r gott. Den gl\u00f6mmer man aldrig.<br \/>\n\u2022 Om du har ett tungt eller sv\u00e5rt budskap blir det l\u00e4ttare f\u00f6r publiken om den \u00e4r inb\u00e4ddad i bilder och befolkad av m\u00e4nniskor.<br \/>\n\u2022 F\u00f6rs\u00f6k att ge en bild, en vision d\u00e4r du visar dina k\u00e4nslor och erbjuder publiken att dela dem med dig. F\u00f6rs\u00f6k f\u00e5 dem att f\u00f6rst\u00e5 varf\u00f6r du blivit ber\u00f6rd av h\u00e4ndelsen du ber\u00e4ttar om.<br \/>\n\u2022 Ju fler k\u00e4nslor desto djupare kan du bygga relationen.<br \/>\n\u2022 Om du har ett f\u00f6r\u00e4ndringsbudskap s\u00e5 f\u00f6rs\u00f6k att beskriva den verklighet som ni  tillsammans n\u00e4rmar er. Ber\u00e4tta er in i framtiden.<br \/>\n\u2022 F\u00f6rs\u00f6k hitta ett dramaturgiskt klimax d\u00e4r det finns ett f\u00f6re och ett efter. Det \u00e4r d\u00e4r p\u00e5verkan sker,<\/p>\n","protected":false},"excerpt":{"rendered":"<p>De som kommunicerar b\u00e4st har f\u00f6rst\u00e5tt att fakta och siffror inte lyfter utan befolkade ber\u00e4ttelser. Ber\u00e4ttelser utifr\u00e5n egna erfarenheter och organisationens kollektiva minne. Det finns n\u00e5gra tankar man kan ha i minne n\u00e4r man v\u00e4l \u00f6ka sin storymedvetenhet:<\/p>\n","protected":false},"author":2,"featured_media":0,"comment_status":"open","ping_status":"closed","sticky":false,"template":"","format":"standard","meta":[],"categories":[2],"tags":[],"_links":{"self":[{"href":"https:\/\/storytellers.se\/index.php?rest_route=\/wp\/v2\/posts\/3352"}],"collection":[{"href":"https:\/\/storytellers.se\/index.php?rest_route=\/wp\/v2\/posts"}],"about":[{"href":"https:\/\/storytellers.se\/index.php?rest_route=\/wp\/v2\/types\/post"}],"author":[{"embeddable":true,"href":"https:\/\/storytellers.se\/index.php?rest_route=\/wp\/v2\/users\/2"}],"replies":[{"embeddable":true,"href":"https:\/\/storytellers.se\/index.php?rest_route=%2Fwp%2Fv2%2Fcomments&post=3352"}],"version-history":[{"count":0,"href":"https:\/\/storytellers.se\/index.php?rest_route=\/wp\/v2\/posts\/3352\/revisions"}],"wp:attachment":[{"href":"https:\/\/storytellers.se\/index.php?rest_route=%2Fwp%2Fv2%2Fmedia&parent=3352"}],"wp:term":[{"taxonomy":"category","embeddable":true,"href":"https:\/\/storytellers.se\/index.php?rest_route=%2Fwp%2Fv2%2Fcategories&post=3352"},{"taxonomy":"post_tag","embeddable":true,"href":"https:\/\/storytellers.se\/index.php?rest_route=%2Fwp%2Fv2%2Ftags&post=3352"}],"curies":[{"name":"wp","href":"https:\/\/api.w.org\/{rel}","templated":true}]}}