{"id":3346,"date":"2013-02-25T11:20:42","date_gmt":"2013-02-25T10:20:42","guid":{"rendered":"http:\/\/heijbel.wordpress.com\/2013\/02\/25\/forandringsberattelser"},"modified":"2013-02-25T11:20:42","modified_gmt":"2013-02-25T10:20:42","slug":"forandringsberattelser","status":"publish","type":"post","link":"https:\/\/storytellers.se\/?p=3346","title":{"rendered":"F\u00f6r\u00e4ndringsber\u00e4ttelser"},"content":{"rendered":"<p>Jag har h\u00f6rt m\u00e5nga m\u00e4nniskor inom privat, offentlig och ideell sektor sucka \u00f6ver organisationsf\u00f6r\u00e4ndringar som de tycker att de uts\u00e4tts f\u00f6r. Det \u00e4r inte n\u00f6dv\u00e4ndigtvis s\u00e5 att de \u00e4r emot f\u00f6r\u00e4ndringar. Snarare \u00e4r det s\u00e5 att de inte f\u00f6rst\u00e5r vad de nya pilarna och boxarna och rapporteringsordningarna betyder i praktiken. Skisserna kan vara formulerade av organisationsdesigners som gl\u00f6mmer att <em>organisation = m\u00e4nniskor<\/em>.<br \/>\nD\u00e5 kan ber\u00e4ttelser som synligg\u00f6r nyttan via verkliga h\u00e4ndelser som visar meningen med den nya ordningen vara bra att ha. P\u00e5 s\u00e5 vis kan <strong>Corporate Storytelling<\/strong>, som verktyg, bidra till organisationsutveckling och g\u00f6ra det m\u00f6jligt f\u00f6r, kanske framf\u00f6rallt cheferna, att g\u00f6ra den t\u00e4nkta framtiden synlig.<br \/>\nMan kan allts\u00e5 ber\u00e4tta sig in i framtiden.<\/p>\n","protected":false},"excerpt":{"rendered":"<p>Jag har h\u00f6rt m\u00e5nga m\u00e4nniskor inom privat, offentlig och ideell sektor sucka \u00f6ver organisationsf\u00f6r\u00e4ndringar som de tycker att de uts\u00e4tts f\u00f6r. Det \u00e4r inte n\u00f6dv\u00e4ndigtvis s\u00e5 att de \u00e4r emot f\u00f6r\u00e4ndringar. Snarare \u00e4r det s\u00e5 att de inte f\u00f6rst\u00e5r vad de nya pilarna och boxarna och rapporteringsordningarna betyder i praktiken. Skisserna kan vara formulerade av&#8230;<\/p>\n","protected":false},"author":2,"featured_media":0,"comment_status":"open","ping_status":"closed","sticky":false,"template":"","format":"standard","meta":[],"categories":[2],"tags":[],"_links":{"self":[{"href":"https:\/\/storytellers.se\/index.php?rest_route=\/wp\/v2\/posts\/3346"}],"collection":[{"href":"https:\/\/storytellers.se\/index.php?rest_route=\/wp\/v2\/posts"}],"about":[{"href":"https:\/\/storytellers.se\/index.php?rest_route=\/wp\/v2\/types\/post"}],"author":[{"embeddable":true,"href":"https:\/\/storytellers.se\/index.php?rest_route=\/wp\/v2\/users\/2"}],"replies":[{"embeddable":true,"href":"https:\/\/storytellers.se\/index.php?rest_route=%2Fwp%2Fv2%2Fcomments&post=3346"}],"version-history":[{"count":0,"href":"https:\/\/storytellers.se\/index.php?rest_route=\/wp\/v2\/posts\/3346\/revisions"}],"wp:attachment":[{"href":"https:\/\/storytellers.se\/index.php?rest_route=%2Fwp%2Fv2%2Fmedia&parent=3346"}],"wp:term":[{"taxonomy":"category","embeddable":true,"href":"https:\/\/storytellers.se\/index.php?rest_route=%2Fwp%2Fv2%2Fcategories&post=3346"},{"taxonomy":"post_tag","embeddable":true,"href":"https:\/\/storytellers.se\/index.php?rest_route=%2Fwp%2Fv2%2Ftags&post=3346"}],"curies":[{"name":"wp","href":"https:\/\/api.w.org\/{rel}","templated":true}]}}