{"id":3330,"date":"2013-01-21T15:43:02","date_gmt":"2013-01-21T14:43:02","guid":{"rendered":"http:\/\/heijbel.wordpress.com\/2013\/01\/21\/nyhetsbrev-75-nya-seminarier-pa-gang"},"modified":"2013-01-21T15:43:02","modified_gmt":"2013-01-21T14:43:02","slug":"nyhetsbrev-75-nya-seminarier-pa-gang","status":"publish","type":"post","link":"https:\/\/storytellers.se\/?p=3330","title":{"rendered":"Nyhetsbrev 75: Nya seminarier p\u00e5 g\u00e5ng"},"content":{"rendered":"<p>I dag har n\u00e4rmare 4.300 prenumeranter f\u00e5tt nyhetsbrev 75 fr\u00e5n Storytellers. Du kan l\u00e4sa det via via l\u00e4nken h\u00e4r under. Nyhetsbrevet som kommer ungef\u00e4r en g\u00e5ng i m\u00e5naden \u00e4r kostnadsfritt. Jag reflekterar lite \u00f6ver vad som h\u00e4nt p\u00e5 storytellingfronten sen sist och lite om vad som \u00e4r p\u00e5 g\u00e5ng.<br \/>\nOm du ocks\u00e5 vill vara p\u00e5 prenumerationslistan s\u00e5 skriv det till <a href=\"mailto:matts@storytellers.se\">matts@storytellers.se<\/a> s\u00e5 s\u00e4tter jag upp dig. Du kan sj\u00e4lvfallet n\u00e4r som helst l\u00e4mna listan om du skulle tr\u00f6ttna.<br \/>\nJag f\u00f6rs\u00f6ker h\u00e5lla en personlig ton ungef\u00e4r som om du vore en storytintresserad v\u00e4n. D\u00e4rf\u00f6r l\u00e4gger jag aldrig in n\u00e5gon som inte bett om det.<\/p>\n<p><!--more--><br \/>\nNyhetsbrev 75<br \/>\nHej storytellerv\u00e4n. Det \u00e4r dags f\u00f6r det sjuttiofemte nyhetsbrevet fr\u00e5n storytellers. Du f\u00e5r det f\u00f6r att du har anm\u00e4lt dig och eller varit p\u00e5 n\u00e5got av mina seminarier. Jag som skriver heter Matts Heijbel och jag har h\u00e5llit p\u00e5 med storytelling i och om organisationer i snart 15 \u00e5rs tid.<br \/>\nL\u00e4ngre ned ber\u00e4ttar jag om n\u00e5gra \u00f6ppna seminarier som \u00e4r p\u00e5 g\u00e5ng.<br \/>\nMen f\u00f6rst.<br \/>\nI morgon \u00e5ker jag till Polen f\u00f6r att i EU-sammanhang, det handlar om \u00d6stersj\u00f6regionen, bidra till att s\u00f6ka och sk\u00f6rda ber\u00e4ttelser som visar meningen att h\u00e5lla p\u00e5 med dessa regionala samarbeten d\u00e4r man jobbar \u00f6ver gr\u00e4nserna ytterst f\u00f6r att bygga fred och frihet.<br \/>\nBer\u00e4ttelserna \u00e4r ett fantastiskt s\u00e4tt att dela med sig av erfarenheter och l\u00e4ra av varandra och att ge politiker och v\u00e4ljare en m\u00f6jlighet att f\u00f6rst\u00e5 meningen med det hela. I just EU-sammanhnag \u00e4r det annars vanligt med ett strikt rapporterande kommunikation ofta utan att verkliga m\u00e4nniskor finns beskrivna och riktiga h\u00e4ndelser rapporterade. Det \u00e4r h\u00e4rligt att f\u00e5 bidra till detta.<br \/>\nJag vet att man nere i Europa har b\u00f6rjat f\u00f6rst\u00e5 att vi \u00e4r r\u00e4tt bra p\u00e5 det h\u00e4r uppe i Sverige. Kommission\u00e4rer s\u00e4ger att hela EU m\u00e5ste bli mer ber\u00e4ttande f\u00f6r att f\u00e5 det st\u00f6d och den legitimitet som projektet beh\u00f6ver.<br \/>\nS\u00e5 \u00e4r det. Fr\u00e5n minsta sm\u00e5f\u00f6retagare till de stora internationella projekten kan man s\u00f6ka och sk\u00f6rda kulturb\u00e4rande ber\u00e4ttelser.<br \/>\n++++++++++++++++++++++++++++++++++++++++++++++++<br \/>\nN\u00e4r jag var i Malm\u00f6 f\u00f6r en tid sedan bes\u00f6kte jag Malm\u00f6hus Slott. Nordens \u00e4ldsta bevarade ren\u00e4ssansslott. D\u00e4r finns r\u00e4tt mycket av det m\u00e5nga kallar ber\u00e4ttande. Om vilka som bodde h\u00e4r och vad de gjorde och n\u00e4r de gjorde det. Det \u00e4r historia.<br \/>\nF\u00f6r mig som arbetar med ber\u00e4ttande blinkar alltid en varningslampa n\u00e4r det blir allt igenom musealt. Vilka jobbar d\u00e4r i dag fr\u00e5gar jag? Vilken strategi har man nu i sitt bevarandet\u00e4nkande? Hur resonerar man vid rekryteringar? Kort sagt hur \u00e4r det med Malm\u00f6hus 2013?<br \/>\nDet \u00e4r viktigt att ha kontakt med d\u00e5et, nuet och framtiden. \u00c4ven n\u00e4r det g\u00e4ller ett medeltida slott. Detta t\u00e4nker jag p\u00e5 ocks\u00e5 n\u00e4r jag \u00e4r uppe i H\u00e4lsingland, som jag varit en hel del p\u00e5 sistone. Jag st\u00f6ttar kulturentrepren\u00f6rer att bli mer medvetna kring ber\u00e4ttandet.<br \/>\nI H\u00e4lsingland har man f\u00e5tt ett v\u00e4rldsarv i kn\u00e4t. H\u00e4lsingeg\u00e5rdarna har blivit v\u00e4rldsarv. Dessa fantastiska ofta kringbyggda g\u00e5rdar \u00e4r verkligen sp\u00e4nnande och unika. Jag ser till min gl\u00e4dje att m\u00e5nga av dem som arbetar med detta ser det s\u00e5 att historien har inte stannat. Vad h\u00e4nder i dag? Vad kommer att h\u00e4nda i framtiden i och om H\u00e4lsingeg\u00e5rdarna? Det \u00e4r en naturlig reflektion om man t\u00e4nker storytelling och kulturarv.<br \/>\n++++++++++++++++++++++++++++++++++++++++++++++++<br \/>\nJag har ocks\u00e5 tr\u00e4ffat en del Ericssonanst\u00e4llda sen sist. Det var lite dramatiskt eftersom den workshop jag h\u00f6ll i Kista var best\u00e4md sedan l\u00e4nge. Men innan jag kom hade h\u00e4lften blivit varslade. Den historiska situationen var ny och annorlunda.<br \/>\nVi resonerade d\u00e5 om vi skulle st\u00e4lla in sk\u00f6rdandet av Ericssonber\u00e4ttelser. Nu var ju situationen r\u00e4tt m\u00f6rk och st\u00e4mningen d\u00e4mpad. Vi kom fram till att ber\u00e4ttandet trots varslen var viktigt. Kanske p\u00e5 s\u00e4tt och vis \u00e4nnu viktigare. Var kommer vi ifr\u00e5n? Vad kan vi? Hur t\u00e4nker vi? Vilka ber\u00e4ttelser g\u00f6r en uppsagd m\u00e4nniska anst\u00e4llningsbar. Jag tror att det vi gjorde var bra trots att det var i en sv\u00e5r tid.<br \/>\n++++++++++++++++++++++++++++++++++++++++++++++++<br \/>\nJag har varit djupt involverad i Sundbybergs Stads ber\u00e4ttelser p\u00e5 senare tid. Sundbyberg har beslutat sig f\u00f6r att satsa p\u00e5 stark expansion. Befolkningen kommer att \u00f6ka starkt de n\u00e4rmaste \u00e5ren och d\u00e4rf\u00f6r beh\u00f6vs en bra employer branding kring den organisationen.<br \/>\nMin roll har varit att s\u00f6ka, sk\u00f6rda och filma ber\u00e4ttelser om vad som \u00e4r sundbybergsaktigt vad det g\u00e4ller medarbetarna i kommunen. Tanken \u00e4r att man ska sprida starka positiva emotionella associationer kring varum\u00e4rket Sundbybergs Stad f\u00f6r att klara kommande rekryteringar till kommunen.<br \/>\nJag var ocks\u00e5 med p\u00e5 ett HR-seminarium h\u00e4romdagen p\u00e5 hos Annika Ahnlund som driver HR-bloggen. Det var fullsatt s\u00e5 det f\u00e5r bli ett nytt Employer Brandingseminarium den 15 april.<br \/>\nAnnika Ahnlund arrangerar sp\u00e4nnande seminarier. Den h\u00e4r g\u00e5ngen var employer-branding-konsulten Linus Holmgren med och Anna Mindel\u00f6f fr\u00e5n Univerum, tidigare Adidas.<br \/>\nDetta var n\u00e5gra av mina punkter.<br \/>\n\u2022 Att g\u00f6ra f\u00f6retaget attraktivt genom att befolka varum\u00e4rket med verkligheten.<br \/>\n\u2022 Storytelling som redskap f\u00f6r att synligg\u00f6ra f\u00f6retagets k\u00e4rnv\u00e4rden och st\u00e4rka kulturen.<br \/>\n\u2022 Hur b\u00e4r man sig \u00e5t?<br \/>\nVill du vara med den 15 april och vara s\u00e4ker att det finns plats s\u00e5 kan du mejla mig om detta p\u00e5 matts@storytellers.se s\u00e5 hamnar du p\u00e5 listan. Skriv HR-seminarium. Priset f\u00f6r en hel dag med tre f\u00f6rel\u00e4sare av vilka jag \u00e4r en \u00e4r 3.900 sek + moms.<br \/>\n++++++++++++++++++++++++++++++++++++++++++++++++<br \/>\nJag har f\u00f6rresten varit inbjuden till SSU ocks\u00e5 i helgerna. N\u00e4r jag tr\u00e4ffar m\u00e4nniskor fr\u00e5n v\u00e4rderingsgrundade organisationer s\u00e5 har jag en favoritfr\u00e5ga: Vad var det som h\u00e4nde? Varf\u00f6r blev du ( i det h\u00e4r fallet ) SSUare?<br \/>\nDe svar jag d\u00e5 f\u00e5r \u00e4r b\u00f6rjan p\u00e5 den nya politiska ber\u00e4ttelse som jag tror att socialdemokratin och de andra partierna s\u00e5 v\u00e4l beh\u00f6ver. Politisk storytelling som inte fastnar i det f\u00f6rflutna utan utg\u00e5r fr\u00e5n nuet och framtiden. D\u00e4r har politiken s\u00e5 mycket att l\u00e4ra.<br \/>\nDetta att snudda ocks\u00e5 vid den personliga ber\u00e4ttelsen \u00e4r n\u00e5got jag brukar ha med mig till olika ideella organisationer. Det kommer jag att g\u00f6ra i februari ocks\u00e5 n\u00e4r flera hundra ideella organisationer samlas till Ideell Arena i Stockholm.<br \/>\n++++++++++++++++++++++++++++++++++++++++++++++++<br \/>\nJag kommer att ha ett \u00f6ppet seminarium i v\u00e5ra lokaler p\u00e5 S\u00f6dermalm i Stockholm ocks\u00e5 nu i februari. Det blir 5 februari 09.30 &#8211; 10.30 p\u00e5 Krukmakargatan 22. Fikat st\u00e5r framme fr\u00e5n 09.00 och det finns m\u00f6jlighet till eftersnack 10.30 &#8211; 11.00. Jag bjuder. Anm\u00e4l ditt intresse s\u00e5 \u00e5terkommer jag med koder och annat. Skriv 5 februari i rubrikraden.<br \/>\n++++++++++++++++++++++++++++++++++++++++++++++++<br \/>\nDet var allt f\u00f6r den h\u00e4r g\u00e5ngen. Jag som skriver arbetar med b\u00e5de nationella och internationella f\u00f6retag och organisationer. Privata, offentliga och ideella. Och som sagt i det internationella EU-sammanhangen. I februari ska jag ned till Bryssel. D\u00e5 handlar det om ber\u00e4ttelser aprop\u00e5 EU:s yttre gr\u00e4nser. Det blir sp\u00e4nnande.<br \/>\nVill du inte ha det h\u00e4r nyhetsbrevet i forts\u00e4ttningen s\u00e5 beh\u00f6ver du bara v\u00e4nda det med ett Nej Tack! s\u00e5 tar jag bort dig.<br \/>\nTack f\u00f6r denna g\u00e5ng<br \/>\nh\u00e4lsar<br \/>\nMatts Heijbel<br \/>\nStockholm \/ Gr\u00f6dinge 21 januari 2013<\/p>\n","protected":false},"excerpt":{"rendered":"<p>I dag har n\u00e4rmare 4.300 prenumeranter f\u00e5tt nyhetsbrev 75 fr\u00e5n Storytellers. Du kan l\u00e4sa det via via l\u00e4nken h\u00e4r under. Nyhetsbrevet som kommer ungef\u00e4r en g\u00e5ng i m\u00e5naden \u00e4r kostnadsfritt. Jag reflekterar lite \u00f6ver vad som h\u00e4nt p\u00e5 storytellingfronten sen sist och lite om vad som \u00e4r p\u00e5 g\u00e5ng. Om du ocks\u00e5 vill vara p\u00e5&#8230;<\/p>\n","protected":false},"author":2,"featured_media":0,"comment_status":"open","ping_status":"closed","sticky":false,"template":"","format":"standard","meta":[],"categories":[8],"tags":[],"_links":{"self":[{"href":"https:\/\/storytellers.se\/index.php?rest_route=\/wp\/v2\/posts\/3330"}],"collection":[{"href":"https:\/\/storytellers.se\/index.php?rest_route=\/wp\/v2\/posts"}],"about":[{"href":"https:\/\/storytellers.se\/index.php?rest_route=\/wp\/v2\/types\/post"}],"author":[{"embeddable":true,"href":"https:\/\/storytellers.se\/index.php?rest_route=\/wp\/v2\/users\/2"}],"replies":[{"embeddable":true,"href":"https:\/\/storytellers.se\/index.php?rest_route=%2Fwp%2Fv2%2Fcomments&post=3330"}],"version-history":[{"count":0,"href":"https:\/\/storytellers.se\/index.php?rest_route=\/wp\/v2\/posts\/3330\/revisions"}],"wp:attachment":[{"href":"https:\/\/storytellers.se\/index.php?rest_route=%2Fwp%2Fv2%2Fmedia&parent=3330"}],"wp:term":[{"taxonomy":"category","embeddable":true,"href":"https:\/\/storytellers.se\/index.php?rest_route=%2Fwp%2Fv2%2Fcategories&post=3330"},{"taxonomy":"post_tag","embeddable":true,"href":"https:\/\/storytellers.se\/index.php?rest_route=%2Fwp%2Fv2%2Ftags&post=3330"}],"curies":[{"name":"wp","href":"https:\/\/api.w.org\/{rel}","templated":true}]}}