{"id":3328,"date":"2013-01-03T13:32:02","date_gmt":"2013-01-03T12:32:02","guid":{"rendered":"http:\/\/heijbel.wordpress.com\/2013\/01\/03\/eu-intresse-for-storytelling"},"modified":"2013-01-03T13:32:02","modified_gmt":"2013-01-03T12:32:02","slug":"eu-intresse-for-storytelling","status":"publish","type":"post","link":"https:\/\/storytellers.se\/?p=3328","title":{"rendered":"EU-intresse f\u00f6r storytelling"},"content":{"rendered":"<p>Jag har det senaste \u00e5ret haft flera uppdrag kopplade till olika EU-sammanhang. I bland annat <em>Lissabon<\/em>, <em>Tallinn, G\u00f6teborg<\/em> och nu fram\u00f6ver <em>Warszawa<\/em> och <em>Bryssel<\/em>. Hela tiden handlar det om att anv\u00e4nda ber\u00e4ttelser om h\u00e4ndelser som visar meningen med att \u00f6verhuvudtaget arbeta \u00f6ver gr\u00e4nser och utmana gr\u00e4nser och visa nya regionala m\u00f6jligheter.<br \/>\nVid ett m\u00f6te i Paris nyligen presenterade svenska deltagare vad som h\u00e4nder h\u00e4r i norr med hj\u00e4lp av ett antal av oss sk\u00f6rdade ber\u00e4ttelser, allts\u00e5 <strong>storytelling in and about organisations<\/strong>. D\u00e5 utbrast flera kommission\u00e4rer att s\u00e5 borde hela unionen kommunicera. S\u00e5 den svenska ber\u00e4ttarmodellen verkar sprida sig n\u00e5got jag hoppas f\u00e5 vara en del utav.<br \/>\nDetta st\u00e4rker organisationen och bygger legitimitet. Visst ska man redovisa och rapportera. Men man m\u00e5ste f\u00f6rst\u00e5 ocks\u00e5 ta med m\u00e4nniskor och upplevelser, befolka Europaprojektet.<\/p>\n","protected":false},"excerpt":{"rendered":"<p>Jag har det senaste \u00e5ret haft flera uppdrag kopplade till olika EU-sammanhang. I bland annat Lissabon, Tallinn, G\u00f6teborg och nu fram\u00f6ver Warszawa och Bryssel. Hela tiden handlar det om att anv\u00e4nda ber\u00e4ttelser om h\u00e4ndelser som visar meningen med att \u00f6verhuvudtaget arbeta \u00f6ver gr\u00e4nser och utmana gr\u00e4nser och visa nya regionala m\u00f6jligheter. Vid ett m\u00f6te i&#8230;<\/p>\n","protected":false},"author":2,"featured_media":0,"comment_status":"open","ping_status":"closed","sticky":false,"template":"","format":"standard","meta":[],"categories":[2],"tags":[],"_links":{"self":[{"href":"https:\/\/storytellers.se\/index.php?rest_route=\/wp\/v2\/posts\/3328"}],"collection":[{"href":"https:\/\/storytellers.se\/index.php?rest_route=\/wp\/v2\/posts"}],"about":[{"href":"https:\/\/storytellers.se\/index.php?rest_route=\/wp\/v2\/types\/post"}],"author":[{"embeddable":true,"href":"https:\/\/storytellers.se\/index.php?rest_route=\/wp\/v2\/users\/2"}],"replies":[{"embeddable":true,"href":"https:\/\/storytellers.se\/index.php?rest_route=%2Fwp%2Fv2%2Fcomments&post=3328"}],"version-history":[{"count":0,"href":"https:\/\/storytellers.se\/index.php?rest_route=\/wp\/v2\/posts\/3328\/revisions"}],"wp:attachment":[{"href":"https:\/\/storytellers.se\/index.php?rest_route=%2Fwp%2Fv2%2Fmedia&parent=3328"}],"wp:term":[{"taxonomy":"category","embeddable":true,"href":"https:\/\/storytellers.se\/index.php?rest_route=%2Fwp%2Fv2%2Fcategories&post=3328"},{"taxonomy":"post_tag","embeddable":true,"href":"https:\/\/storytellers.se\/index.php?rest_route=%2Fwp%2Fv2%2Ftags&post=3328"}],"curies":[{"name":"wp","href":"https:\/\/api.w.org\/{rel}","templated":true}]}}