{"id":3326,"date":"2012-11-30T12:56:12","date_gmt":"2012-11-30T11:56:12","guid":{"rendered":"http:\/\/heijbel.wordpress.com\/2012\/11\/30\/gavlefrukost-5-december"},"modified":"2012-11-30T12:56:12","modified_gmt":"2012-11-30T11:56:12","slug":"gavlefrukost-5-december","status":"publish","type":"post","link":"https:\/\/storytellers.se\/?p=3326","title":{"rendered":"G\u00e4vlefrukost 5 december"},"content":{"rendered":"<p>Den 5 december kommer jag till <strong>G\u00e4vle<\/strong> f\u00f6r att h\u00e5lla en frukostf\u00f6rel\u00e4sning. Det kallas kulturfrukost och \u00e4r ett samarbete mellan G\u00e4vle kommun, H\u00f6gskolan i G\u00e4vle, Landstinget G\u00e4vleborg, Region G\u00e4vleborg och L\u00e4nsstyrelsen.<br \/>\nSyftet \u00e4r att samla kulturverksamma i G\u00e4vleborg f\u00f6r att omv\u00e4rldsbevaka och n\u00e4tverka. Det hela tilldrar sig p\u00e5 Silvanum och frukost serveras fr\u00e5n 07.45. Min f\u00f6rel\u00e4sning med rader av exempel och n\u00e5gra korta storyfilmer startar 08.15 och slutar 09.15. F\u00f6rel\u00e4sningen \u00e4r gratis men man ska anm\u00e4la sig till <a href=\"mailto:kulturfrukost@gavle.se\">kulturfrukost@gavle.se<\/a><\/p>\n","protected":false},"excerpt":{"rendered":"<p>Den 5 december kommer jag till G\u00e4vle f\u00f6r att h\u00e5lla en frukostf\u00f6rel\u00e4sning. Det kallas kulturfrukost och \u00e4r ett samarbete mellan G\u00e4vle kommun, H\u00f6gskolan i G\u00e4vle, Landstinget G\u00e4vleborg, Region G\u00e4vleborg och L\u00e4nsstyrelsen. Syftet \u00e4r att samla kulturverksamma i G\u00e4vleborg f\u00f6r att omv\u00e4rldsbevaka och n\u00e4tverka. Det hela tilldrar sig p\u00e5 Silvanum och frukost serveras fr\u00e5n 07.45. Min&#8230;<\/p>\n","protected":false},"author":2,"featured_media":0,"comment_status":"open","ping_status":"closed","sticky":false,"template":"","format":"standard","meta":[],"categories":[9],"tags":[],"_links":{"self":[{"href":"https:\/\/storytellers.se\/index.php?rest_route=\/wp\/v2\/posts\/3326"}],"collection":[{"href":"https:\/\/storytellers.se\/index.php?rest_route=\/wp\/v2\/posts"}],"about":[{"href":"https:\/\/storytellers.se\/index.php?rest_route=\/wp\/v2\/types\/post"}],"author":[{"embeddable":true,"href":"https:\/\/storytellers.se\/index.php?rest_route=\/wp\/v2\/users\/2"}],"replies":[{"embeddable":true,"href":"https:\/\/storytellers.se\/index.php?rest_route=%2Fwp%2Fv2%2Fcomments&post=3326"}],"version-history":[{"count":0,"href":"https:\/\/storytellers.se\/index.php?rest_route=\/wp\/v2\/posts\/3326\/revisions"}],"wp:attachment":[{"href":"https:\/\/storytellers.se\/index.php?rest_route=%2Fwp%2Fv2%2Fmedia&parent=3326"}],"wp:term":[{"taxonomy":"category","embeddable":true,"href":"https:\/\/storytellers.se\/index.php?rest_route=%2Fwp%2Fv2%2Fcategories&post=3326"},{"taxonomy":"post_tag","embeddable":true,"href":"https:\/\/storytellers.se\/index.php?rest_route=%2Fwp%2Fv2%2Ftags&post=3326"}],"curies":[{"name":"wp","href":"https:\/\/api.w.org\/{rel}","templated":true}]}}