{"id":3322,"date":"2012-11-23T16:34:42","date_gmt":"2012-11-23T15:34:42","guid":{"rendered":"http:\/\/heijbel.wordpress.com\/2012\/11\/23\/hur-berattar-varldsarven"},"modified":"2012-11-23T16:34:42","modified_gmt":"2012-11-23T15:34:42","slug":"hur-berattar-varldsarven","status":"publish","type":"post","link":"https:\/\/storytellers.se\/?p=3322","title":{"rendered":"Hur ber\u00e4ttar v\u00e4rldsarven?"},"content":{"rendered":"<p>Jag var f\u00f6r n\u00e5gra dagar sedan i <em>Hudiksvall<\/em> och tr\u00e4ffade ett 70-tal h\u00e4lsingar fr\u00e5n privat och offentlig verksamhet. Vi hade seminarium, workshop och sk\u00f6rdefest. H\u00e4lsingarna har f\u00e5tt ett nytt tungt uppdrag i sina kn\u00e4n. H\u00e4lsingeg\u00e5rdarna har n\u00e4mligen blivit v\u00e4rldsarv. De fantastiska g\u00e5rdarna anses, med all r\u00e4tt tycker jag, s\u00e5 unika. D\u00e5 b\u00f6rjar man ber\u00e4tta &#8211; <em>om hur det var<\/em>. Det \u00e4r v\u00e4l bra, g\u00e5rdarna kan fyllas av ber\u00e4ttelser om m\u00e4nniskor som levde d\u00e4r f\u00f6rr.<br \/>\nMen se upp! Historien har inte upph\u00f6rt. Historien \u00e4r produkten som kan s\u00e4ljas men utan ber\u00e4ttelser om dem som sk\u00f6ter dem och om dem som kommer dit i dag, ber\u00e4ttelser om visionerna om framtiden. Utan denna samtidskontakt l\u00e4r g\u00e5rdarna inte leva.<br \/>\nG\u00e5 g\u00e4rna in i museet men g\u00e5 inte vilse d\u00e4r.<br \/>\nHur t\u00e4nker vi nu? Vad hoppas vi kunna ber\u00e4ttar \u00e5r 2020? Det \u00e4r fr\u00e5gor som bygger smart corporate storytelling.<\/p>\n","protected":false},"excerpt":{"rendered":"<p>Jag var f\u00f6r n\u00e5gra dagar sedan i Hudiksvall och tr\u00e4ffade ett 70-tal h\u00e4lsingar fr\u00e5n privat och offentlig verksamhet. Vi hade seminarium, workshop och sk\u00f6rdefest. H\u00e4lsingarna har f\u00e5tt ett nytt tungt uppdrag i sina kn\u00e4n. H\u00e4lsingeg\u00e5rdarna har n\u00e4mligen blivit v\u00e4rldsarv. De fantastiska g\u00e5rdarna anses, med all r\u00e4tt tycker jag, s\u00e5 unika. D\u00e5 b\u00f6rjar man ber\u00e4tta &#8211;&#8230;<\/p>\n","protected":false},"author":2,"featured_media":0,"comment_status":"open","ping_status":"closed","sticky":false,"template":"","format":"standard","meta":[],"categories":[2],"tags":[],"_links":{"self":[{"href":"https:\/\/storytellers.se\/index.php?rest_route=\/wp\/v2\/posts\/3322"}],"collection":[{"href":"https:\/\/storytellers.se\/index.php?rest_route=\/wp\/v2\/posts"}],"about":[{"href":"https:\/\/storytellers.se\/index.php?rest_route=\/wp\/v2\/types\/post"}],"author":[{"embeddable":true,"href":"https:\/\/storytellers.se\/index.php?rest_route=\/wp\/v2\/users\/2"}],"replies":[{"embeddable":true,"href":"https:\/\/storytellers.se\/index.php?rest_route=%2Fwp%2Fv2%2Fcomments&post=3322"}],"version-history":[{"count":0,"href":"https:\/\/storytellers.se\/index.php?rest_route=\/wp\/v2\/posts\/3322\/revisions"}],"wp:attachment":[{"href":"https:\/\/storytellers.se\/index.php?rest_route=%2Fwp%2Fv2%2Fmedia&parent=3322"}],"wp:term":[{"taxonomy":"category","embeddable":true,"href":"https:\/\/storytellers.se\/index.php?rest_route=%2Fwp%2Fv2%2Fcategories&post=3322"},{"taxonomy":"post_tag","embeddable":true,"href":"https:\/\/storytellers.se\/index.php?rest_route=%2Fwp%2Fv2%2Ftags&post=3322"}],"curies":[{"name":"wp","href":"https:\/\/api.w.org\/{rel}","templated":true}]}}