{"id":3314,"date":"2012-11-19T13:55:32","date_gmt":"2012-11-19T12:55:32","guid":{"rendered":"http:\/\/heijbel.wordpress.com\/2012\/11\/19\/one-in-8-million"},"modified":"2012-11-19T13:55:32","modified_gmt":"2012-11-19T12:55:32","slug":"one-in-8-million","status":"publish","type":"post","link":"https:\/\/storytellers.se\/?p=3314","title":{"rendered":"One in 8 million"},"content":{"rendered":"<p>The New York Times bad New York-borna ber\u00e4tta om livet i New York. <a href=\"http:\/\/www.nytimes.com\/packages\/html\/nyregion\/1-in-8-million\/index.html\"><strong><em>H\u00e4r<\/em><\/strong><\/a> har du n\u00e5gra smakprov p\u00e5 amerikanskt ber\u00e4ttande. Bl\u00e4ddra och njut.<br \/>\nSerien bestod av ljudfiler som illustrerades med stillbilder i svart-vitt. The New York Times vann en Emmy Award i klassen nya s\u00e4tt att n\u00e4rma sig det dokument\u00e4ra.<\/p>\n","protected":false},"excerpt":{"rendered":"<p>The New York Times bad New York-borna ber\u00e4tta om livet i New York. H\u00e4r har du n\u00e5gra smakprov p\u00e5 amerikanskt ber\u00e4ttande. Bl\u00e4ddra och njut. Serien bestod av ljudfiler som illustrerades med stillbilder i svart-vitt. The New York Times vann en Emmy Award i klassen nya s\u00e4tt att n\u00e4rma sig det dokument\u00e4ra.<\/p>\n","protected":false},"author":2,"featured_media":0,"comment_status":"open","ping_status":"closed","sticky":false,"template":"","format":"standard","meta":[],"categories":[13],"tags":[],"_links":{"self":[{"href":"https:\/\/storytellers.se\/index.php?rest_route=\/wp\/v2\/posts\/3314"}],"collection":[{"href":"https:\/\/storytellers.se\/index.php?rest_route=\/wp\/v2\/posts"}],"about":[{"href":"https:\/\/storytellers.se\/index.php?rest_route=\/wp\/v2\/types\/post"}],"author":[{"embeddable":true,"href":"https:\/\/storytellers.se\/index.php?rest_route=\/wp\/v2\/users\/2"}],"replies":[{"embeddable":true,"href":"https:\/\/storytellers.se\/index.php?rest_route=%2Fwp%2Fv2%2Fcomments&post=3314"}],"version-history":[{"count":0,"href":"https:\/\/storytellers.se\/index.php?rest_route=\/wp\/v2\/posts\/3314\/revisions"}],"wp:attachment":[{"href":"https:\/\/storytellers.se\/index.php?rest_route=%2Fwp%2Fv2%2Fmedia&parent=3314"}],"wp:term":[{"taxonomy":"category","embeddable":true,"href":"https:\/\/storytellers.se\/index.php?rest_route=%2Fwp%2Fv2%2Fcategories&post=3314"},{"taxonomy":"post_tag","embeddable":true,"href":"https:\/\/storytellers.se\/index.php?rest_route=%2Fwp%2Fv2%2Ftags&post=3314"}],"curies":[{"name":"wp","href":"https:\/\/api.w.org\/{rel}","templated":true}]}}