{"id":3310,"date":"2012-11-15T17:31:31","date_gmt":"2012-11-15T16:31:31","guid":{"rendered":"http:\/\/heijbel.wordpress.com\/2012\/11\/15\/kronikan-i-lt-lanstidningen-i-sodertalje"},"modified":"2012-11-15T17:31:31","modified_gmt":"2012-11-15T16:31:31","slug":"kronikan-i-lt-lanstidningen-i-sodertalje","status":"publish","type":"post","link":"https:\/\/storytellers.se\/?p=3310","title":{"rendered":"Kr\u00f6nikan i LT, L\u00e4nstidningen i S\u00f6dert\u00e4lje"},"content":{"rendered":"<p>Jag har varit som Storyteller \/ Storylistener i m\u00e5nga kommuner fr\u00e5n <em>Malm\u00f6<\/em> och <em>Simrishamn<\/em> i s\u00f6der till <em>Skellefte\u00e5<\/em> i norr f\u00f6r att f\u00f6rs\u00f6ka stimulera dem att ber\u00e4tta sig in i framtiden. F\u00f6r n\u00e5gra \u00e5r sedan var jag i <em>S\u00f6dert\u00e4lje<\/em>, en stad som ligger 15 minuters bilf\u00e4rd fr\u00e5n mitt hem. Den g\u00e5ngen var det allts\u00e5 n\u00e4stan hemma. Jag gillar S\u00f6dert\u00e4lje. Jag tycker det \u00e4r en sp\u00e4nnande stad med en sp\u00e4nnande befolkning d\u00e4r m\u00e5nga \u00e4r assyrsyrianer. D\u00e4r fotbollslagen heter Assyriska och Syrianska och d\u00e4r gatubilden blandar traditionellt nordiskt \/ skandinaviskt med m\u00e5nga, cirka 20.000, vackra m\u00e4nniskor med assyrisk &#8211; syriansk bakgrund.<br \/>\nEn av dessa assyrisk \/ syrianska svenskar \u00e4r human- och samh\u00e4llsvetaren och f\u00f6rfattaren <a href=\"http:\/\/www.kimageorge.com\/default.html\"><strong><em>Kima George<\/em><\/strong><\/a>. Hon jobbade p\u00e5 kommunen n\u00e4r jag var d\u00e4r och det verkar i en av hennes kr\u00f6nikor i L\u00e4nstidningen S\u00f6dert\u00e4lje att mitt storytellingsnack betytt n\u00e5got f\u00f6r henne. S\u00e5 h\u00e4r skrev hon f\u00f6r n\u00e5gon vecka sedan i tidningen:<\/p>\n<p><!--more--><br \/>\n<strong><em>&#8221; En ny v\u00e4rld \u00f6ppnades f\u00f6r mig &#8221;<\/em><\/strong><br \/>\n&#8221; Jag, en medel\u00e5lders, m\u00f6rkh\u00e5rig kvinna stod ansikte mot ansikte med en \u00e4ldre man med skandinaviskt utseende f\u00f6r f\u00f6rsta g\u00e5ngen.<br \/>\n<strong>Matts Heijbel<\/strong>, mr Storyteller, presenterade han sig som och min hj\u00e4rna gick snabbt ig\u00e5ng f\u00f6r att placera honom i ett fack. Han sa att han hade googlat lite om S\u00f6dert\u00e4lje och sett att man kallade sig f\u00f6r Invandrarstaden nr 1.<br \/>\nF\u00f6rst trodde jag att jag h\u00f6rt fel men s\u00e5 upprepade han det han sagt f\u00f6r att i n\u00e4sta andetag urs\u00e4kta sig med att s\u00e4ga att han s\u00e5klart menade, den Internationella staden. S\u00f6dert\u00e4lje \u2013 den internationella staden var ambitionen men bilden av S\u00f6dert\u00e4lje i verkligheten var precis som i fels\u00e4gningen, S\u00f6dert\u00e4lje \u2013 invandrarstaden nr 1.<br \/>\nEn bild som vi som bor och verkar h\u00e4r inte helt kan k\u00e4nna igen oss i men samtidigt k\u00e4nner vi oss r\u00e4tt s\u00e5 maktl\u00f6sa att f\u00f6r\u00e4ndra den.<br \/>\nDet var delvis d\u00e4rf\u00f6r som han, Matts, var h\u00e4r i S\u00f6dert\u00e4lje f\u00f6r att l\u00e4ra oss n\u00e5got som s\u00e5 fint kallas \u201dStorytelling\u201d.<br \/>\nFr\u00e5n den dagen f\u00f6r\u00e4ndrades mitt liv, f\u00f6r jag l\u00e4rde mig att bem\u00e4stra en av v\u00e4rldens \u00e4ldsta konster, ber\u00e4ttelsens konst. Jag gjorde det tidigare ocks\u00e5, dvs ber\u00e4ttade om olika h\u00e4ndelser som jag varit med om eller h\u00f6rt.<br \/>\nJag gjorde det p\u00e5 facebook genom att v\u00e4lja ut h\u00e4ndelser som jag skrev om i min status. Skillnaden nu, \u00e4r att jag blev mer medveten om hur jag kunde p\u00e5verka min omgivning bara genom valet av mina ber\u00e4ttelser.<br \/>\nDet var som om en ny v\u00e4rld \u00f6ppnades upp f\u00f6r mig. Det var d\u00e4r och d\u00e5 som jag f\u00f6rstod jag att jag inte l\u00e4ngre kunde skylla ifr\u00e5n mig. Jag kunde inte l\u00e4ngre s\u00e4ga att det var Mediebilden som gjorde att S\u00f6dert\u00e4lje s\u00e5g ut som den gjorde, inte heller kunde jag skylla ifr\u00e5n mig mitt samh\u00e4llsansvar med urs\u00e4kten att jag inte hade mandat eller \u00e4gde fr\u00e5gan.<br \/>\nDet var i samma \u00f6gonblick som jag ins\u00e5g ber\u00e4ttelsens makt och att vi alla som bor och verkar h\u00e4r i S\u00f6dert\u00e4lje har ett val, antingen att bekr\u00e4fta det negativa eller fokusera p\u00e5 det positiva. Varje dag, varje minut h\u00e4nder det fantastiska saker och mitt tips \u00e4r att b\u00f6rja med sig sj\u00e4lv.<br \/>\nSj\u00e4lv har jag h\u00e5llit p\u00e5 med detta sedan dess och jag kan avsl\u00f6ja att det fungerar. L\u00e5t oss ge varandra en andra chans s\u00e5 kommer ni att se att v\u00e4rlden och S\u00f6dert\u00e4lje blir ljusare trots att vi g\u00e5r en m\u00f6rkare \u00e5rstid till m\u00f6tes.&#8221;<br \/>\nL\u00e4s h\u00e4r om en ber\u00e4ttelse fr\u00e5n S\u00f6dert\u00e4lje som jag sj\u00e4lv, Matts Heijbel, skrev f\u00f6r n\u00e5got \u00e5r sedan h\u00e4r p\u00e5 storytellers.<br \/>\n&#8221; Jag har jobbat en del med S\u00f6dert\u00e4ljes ber\u00e4ttelser tillsammans med kommunala kommunikat\u00f6rer. Det \u00e4r inte alltid l\u00e4tt f\u00f6r en kommun att n\u00e5 igenom med kreativa ber\u00e4ttelser. Ofta tar problematiserande media och olika s\u00e4rintressen \u00f6ver och bilden av S\u00f6dert\u00e4lje \u00e4r ofta laddad med bilder av kriminalitet och besv\u00e4r.<br \/>\nD\u00e5 k\u00e4nns det bra att h\u00f6ra om Bertil. Polisen som nyligen gick bort men som f\u00f6ljt hela S\u00f6dert\u00e4ljes v\u00e4g fr\u00e5n 60-talet till det man nu vill kalla Sveriges Internationella huvudstad.<br \/>\nBertil var uppskattad av alla grupper i S\u00f6dert\u00e4lje. Han var k\u00e4nd som en god och positiv polis och fick respekt f\u00f6r det. S\u00e5 mycket respekt att 2.000 personer h\u00f6ll en tyst minut innan Syrianska FC skulle spela allsvensk match p\u00e5 arenan i S\u00f6dert\u00e4lje. Alla stod tysta och visade sin respekt f\u00f6r Bertil.<br \/>\nDet h\u00f6lls ocks\u00e5 en m\u00e4ssa kring Bertil med 700 personer samlade i syrisk ortodoxa kyrkans lokaler. Det \u00e4r en sp\u00e4nnande motbild n\u00e4r det andra tenderar att ta \u00f6ver.&#8221;<\/p>\n","protected":false},"excerpt":{"rendered":"<p>Jag har varit som Storyteller \/ Storylistener i m\u00e5nga kommuner fr\u00e5n Malm\u00f6 och Simrishamn i s\u00f6der till Skellefte\u00e5 i norr f\u00f6r att f\u00f6rs\u00f6ka stimulera dem att ber\u00e4tta sig in i framtiden. F\u00f6r n\u00e5gra \u00e5r sedan var jag i S\u00f6dert\u00e4lje, en stad som ligger 15 minuters bilf\u00e4rd fr\u00e5n mitt hem. Den g\u00e5ngen var det allts\u00e5 n\u00e4stan&#8230;<\/p>\n","protected":false},"author":2,"featured_media":0,"comment_status":"open","ping_status":"closed","sticky":false,"template":"","format":"standard","meta":[],"categories":[3],"tags":[],"_links":{"self":[{"href":"https:\/\/storytellers.se\/index.php?rest_route=\/wp\/v2\/posts\/3310"}],"collection":[{"href":"https:\/\/storytellers.se\/index.php?rest_route=\/wp\/v2\/posts"}],"about":[{"href":"https:\/\/storytellers.se\/index.php?rest_route=\/wp\/v2\/types\/post"}],"author":[{"embeddable":true,"href":"https:\/\/storytellers.se\/index.php?rest_route=\/wp\/v2\/users\/2"}],"replies":[{"embeddable":true,"href":"https:\/\/storytellers.se\/index.php?rest_route=%2Fwp%2Fv2%2Fcomments&post=3310"}],"version-history":[{"count":0,"href":"https:\/\/storytellers.se\/index.php?rest_route=\/wp\/v2\/posts\/3310\/revisions"}],"wp:attachment":[{"href":"https:\/\/storytellers.se\/index.php?rest_route=%2Fwp%2Fv2%2Fmedia&parent=3310"}],"wp:term":[{"taxonomy":"category","embeddable":true,"href":"https:\/\/storytellers.se\/index.php?rest_route=%2Fwp%2Fv2%2Fcategories&post=3310"},{"taxonomy":"post_tag","embeddable":true,"href":"https:\/\/storytellers.se\/index.php?rest_route=%2Fwp%2Fv2%2Ftags&post=3310"}],"curies":[{"name":"wp","href":"https:\/\/api.w.org\/{rel}","templated":true}]}}