{"id":3308,"date":"2012-11-08T17:43:22","date_gmt":"2012-11-08T16:43:22","guid":{"rendered":"http:\/\/heijbel.wordpress.com\/2012\/11\/08\/min-gast-15e-november"},"modified":"2012-11-08T17:43:22","modified_gmt":"2012-11-08T16:43:22","slug":"min-gast-15e-november","status":"publish","type":"post","link":"https:\/\/storytellers.se\/?p=3308","title":{"rendered":"Min g\u00e4st 15e november"},"content":{"rendered":"<p>Bli min seminarieg\u00e4st p\u00e5 S\u00f6dermalm i Stockholm den 15 november p\u00e5 f\u00f6rmiddagen. Lite mingel och en timmes f\u00f6rel\u00e4sning av mig. M\u00f6jlighet till eftersnack. 09.30 &#8211; 11.00 h\u00e5ller vi p\u00e5. Sj\u00e4lva f\u00f6rel\u00e4sningen b\u00f6rjar 10.00 prick. Jag bjuder. Om du vill komma s\u00e5 skriv <strong>15 november ja tack<\/strong> till <a href=\"mailto:matts@storytellers.se\">matts@storytellers.se<\/a> s\u00e5 \u00e5terkommer jag med adress och kod.<\/p>\n","protected":false},"excerpt":{"rendered":"<p>Bli min seminarieg\u00e4st p\u00e5 S\u00f6dermalm i Stockholm den 15 november p\u00e5 f\u00f6rmiddagen. Lite mingel och en timmes f\u00f6rel\u00e4sning av mig. M\u00f6jlighet till eftersnack. 09.30 &#8211; 11.00 h\u00e5ller vi p\u00e5. Sj\u00e4lva f\u00f6rel\u00e4sningen b\u00f6rjar 10.00 prick. Jag bjuder. Om du vill komma s\u00e5 skriv 15 november ja tack till matts@storytellers.se s\u00e5 \u00e5terkommer jag med adress och kod.<\/p>\n","protected":false},"author":2,"featured_media":0,"comment_status":"open","ping_status":"closed","sticky":false,"template":"","format":"standard","meta":[],"categories":[9],"tags":[],"_links":{"self":[{"href":"https:\/\/storytellers.se\/index.php?rest_route=\/wp\/v2\/posts\/3308"}],"collection":[{"href":"https:\/\/storytellers.se\/index.php?rest_route=\/wp\/v2\/posts"}],"about":[{"href":"https:\/\/storytellers.se\/index.php?rest_route=\/wp\/v2\/types\/post"}],"author":[{"embeddable":true,"href":"https:\/\/storytellers.se\/index.php?rest_route=\/wp\/v2\/users\/2"}],"replies":[{"embeddable":true,"href":"https:\/\/storytellers.se\/index.php?rest_route=%2Fwp%2Fv2%2Fcomments&post=3308"}],"version-history":[{"count":0,"href":"https:\/\/storytellers.se\/index.php?rest_route=\/wp\/v2\/posts\/3308\/revisions"}],"wp:attachment":[{"href":"https:\/\/storytellers.se\/index.php?rest_route=%2Fwp%2Fv2%2Fmedia&parent=3308"}],"wp:term":[{"taxonomy":"category","embeddable":true,"href":"https:\/\/storytellers.se\/index.php?rest_route=%2Fwp%2Fv2%2Fcategories&post=3308"},{"taxonomy":"post_tag","embeddable":true,"href":"https:\/\/storytellers.se\/index.php?rest_route=%2Fwp%2Fv2%2Ftags&post=3308"}],"curies":[{"name":"wp","href":"https:\/\/api.w.org\/{rel}","templated":true}]}}