{"id":3304,"date":"2012-11-06T17:07:03","date_gmt":"2012-11-06T16:07:03","guid":{"rendered":"http:\/\/heijbel.wordpress.com\/2012\/11\/06\/i-tallinn-med-ostersjofolket"},"modified":"2012-11-06T17:07:03","modified_gmt":"2012-11-06T16:07:03","slug":"i-tallinn-med-ostersjofolket","status":"publish","type":"post","link":"https:\/\/storytellers.se\/?p=3304","title":{"rendered":"I Tallinn med \u00d6stersj\u00f6folket"},"content":{"rendered":"<p>Jag var i f\u00f6rra veckan i Tallinn och tr\u00e4ffade m\u00e4nniskor fr\u00e5n hela \u00d6stersj\u00f6omr\u00e5det. Det handlade om ett erfarenhetsutbyte mellan dem som \u00e4r involverade i <em>EU STRATEGI FOR THE BALTIC REGION<\/em>. Det handlar ytterst om de 100 miljoner m\u00e4nniskor fr\u00e5n 8 olika l\u00e4nder som bor runt \u00d6stersj\u00f6n och upp mellan Sverige och Danmark.<br \/>\nDessa strateger och m\u00e4nniskor fr\u00e5n olika myndigheter och organisationer som arbetar med projekt f\u00f6r att r\u00e4dda v\u00e5rt innanhav kommunicerar ofta r\u00e4tt formellt. Rapport, redovisning, m\u00e4tning och utv\u00e4rdering. Det \u00e4r bra och viktigt men min uppgift \u00e4r att addera emotionella v\u00e4rden till projekten och alla dess loggor.<br \/>\nEtt s\u00e4tt att befolka \u00e4r att fr\u00e5ga: Varf\u00f6r \u00e4r du h\u00e4r? Vad fick dig att jobba med havet som vi delar? D\u00e5 kan man i lyckliga stunder f\u00e5 svar som ungef\u00e4r det h\u00e4r fritt uppf\u00e5ngat fr\u00e5n en kvinnlig finsk expert och deltagare&#8230;..:<\/p>\n<p><!--more--><br \/>\n&#8230;..<em>&#8221; Vi hade en bostad i Finlands sydv\u00e4stra sk\u00e4rg\u00e5rd. En g\u00e5ng, jag tror jag var ungef\u00e4r 5 \u00e5r gammal, s\u00e5 fick jag f\u00f6r f\u00f6rsta g\u00e5ngen f\u00f6lja med pappa ut och meta. Jag hade flytv\u00e4sten p\u00e5 och pappa rodde. Vi hade en liten burk med mask som vi hade gr\u00e4vt upp.<br \/>\nJag fick sj\u00e4lv s\u00e4tta p\u00e5 masken p\u00e5 kroken och sedan kasta krok, mask och fl\u00f6te i havet. D\u00e4r satt vi, pappa och jag, och tittade tyst p\u00e5 fl\u00f6tet medan solen sakta gick ned.<br \/>\nPl\u00f6tsligt nappade det och pappa sa \u00e5t mig att dra upp. Det gjorde jag och snart l\u00e5g min f\u00f6rsta abborre och kippade efter andan i b\u00e5ten. Jag ville inte d\u00f6da den s\u00e5 pappa sa att vi kunde kroka av den och ge tillbaks den till \u00d6stersj\u00f6n.<br \/>\nDet var ett magiskt \u00f6gonblick f\u00f6r mig. Jag f\u00f6rstod att det fanns en hel v\u00e4rld d\u00e4r under ytan och jag b\u00f6rjade intressera mig f\u00f6r den v\u00e4rlden. Jag l\u00e4ste allt jag kom \u00f6ver, simmade med cyklop och simf\u00f6tter och b\u00f6rjade s\u00e5 sm\u00e5ningom dyka p\u00e5 riktigt med dr\u00e4kt och tuber.<br \/>\nN\u00e4r jag gick p\u00e5 gymnasiet valde jag Natur och sen b\u00f6rjade jag studera Marinbiologi p\u00e5 universitetet. Jag blev expert p\u00e5 den \u00d6stersj\u00f6 som jag \u00e4lskade s\u00e5 och som jag nu l\u00e4rt k\u00e4nna som ett r\u00e4tt pl\u00e5gat innanhav.<br \/>\nNu vill jag inom ramen f\u00f6r <em>EU STRATEGI FOR THE BALTIC REGION<\/em> ge allt jag kan f\u00f6r att kommande generationer ska f\u00e5 tillbaka Baltic Sea som en frisk del av v\u00e5r v\u00e4rld.&#8221;<\/em><br \/>\nDetta \u00e4r ett exempel p\u00e5 hur den personliga upplevelsen kan befolka en verksamhet och tillf\u00f6ra emotionella personliga ber\u00e4ttelser fr\u00e5n dem som r\u00e4ddar havet.<br \/>\nJag har beskrivit ber\u00e4ttelsen ur minnet efter att ha h\u00f6rt den bara en g\u00e5ng under v\u00e5rt arbete i Tallinn nyligen. Vissa detaljer kan vara felaktiga men i grunden var det s\u00e5 h\u00e4r det gick till f\u00f6r den finska kvinnan.<br \/>\nJag kommer aldrig att gl\u00f6mma denna ber\u00e4ttelse och jag kommer f\u00f6rmodligen h\u00e4danefter alltid att t\u00e4nka p\u00e5 den n\u00e4r jag kommer i kontakt med \u00d6stersj\u00f6n. Den \u00e4r ett exempel p\u00e5 hur ber\u00e4ttelsens kraft l\u00e4gger v\u00e4rden till den mer rapporterande, byr\u00e5kratiska kulturen. Hur den befolkar loggor och varum\u00e4rken.<br \/>\nMan ska rapportera och redovisa. Men det \u00e4r viktigt att ocks\u00e5 emotionalisera f\u00f6r att f\u00e5 st\u00f6d och legitimitet f\u00f6r dessa gr\u00e4ns\u00f6verskridande projekt.<\/p>\n","protected":false},"excerpt":{"rendered":"<p>Jag var i f\u00f6rra veckan i Tallinn och tr\u00e4ffade m\u00e4nniskor fr\u00e5n hela \u00d6stersj\u00f6omr\u00e5det. Det handlade om ett erfarenhetsutbyte mellan dem som \u00e4r involverade i EU STRATEGI FOR THE BALTIC REGION. Det handlar ytterst om de 100 miljoner m\u00e4nniskor fr\u00e5n 8 olika l\u00e4nder som bor runt \u00d6stersj\u00f6n och upp mellan Sverige och Danmark. Dessa strateger och&#8230;<\/p>\n","protected":false},"author":2,"featured_media":0,"comment_status":"open","ping_status":"closed","sticky":false,"template":"","format":"standard","meta":[],"categories":[2],"tags":[],"_links":{"self":[{"href":"https:\/\/storytellers.se\/index.php?rest_route=\/wp\/v2\/posts\/3304"}],"collection":[{"href":"https:\/\/storytellers.se\/index.php?rest_route=\/wp\/v2\/posts"}],"about":[{"href":"https:\/\/storytellers.se\/index.php?rest_route=\/wp\/v2\/types\/post"}],"author":[{"embeddable":true,"href":"https:\/\/storytellers.se\/index.php?rest_route=\/wp\/v2\/users\/2"}],"replies":[{"embeddable":true,"href":"https:\/\/storytellers.se\/index.php?rest_route=%2Fwp%2Fv2%2Fcomments&post=3304"}],"version-history":[{"count":0,"href":"https:\/\/storytellers.se\/index.php?rest_route=\/wp\/v2\/posts\/3304\/revisions"}],"wp:attachment":[{"href":"https:\/\/storytellers.se\/index.php?rest_route=%2Fwp%2Fv2%2Fmedia&parent=3304"}],"wp:term":[{"taxonomy":"category","embeddable":true,"href":"https:\/\/storytellers.se\/index.php?rest_route=%2Fwp%2Fv2%2Fcategories&post=3304"},{"taxonomy":"post_tag","embeddable":true,"href":"https:\/\/storytellers.se\/index.php?rest_route=%2Fwp%2Fv2%2Ftags&post=3304"}],"curies":[{"name":"wp","href":"https:\/\/api.w.org\/{rel}","templated":true}]}}