{"id":3296,"date":"2012-10-25T19:47:07","date_gmt":"2012-10-25T18:47:07","guid":{"rendered":"http:\/\/heijbel.wordpress.com\/2012\/10\/25\/storytelling-pa-slottet"},"modified":"2012-10-25T19:47:07","modified_gmt":"2012-10-25T18:47:07","slug":"storytelling-pa-slottet","status":"publish","type":"post","link":"https:\/\/storytellers.se\/?p=3296","title":{"rendered":"Storytelling p\u00e5 Slottet"},"content":{"rendered":"<p>I dag bes\u00f6kte jag <em>Malm\u00f6hus Slott<\/em> p\u00e5 f\u00f6rmiddagen innan ett seminarium som jag h\u00f6ll p\u00e5 eftermiddagen i Malm\u00f6. Jag passade allts\u00e5 p\u00e5 att bes\u00f6ka Slottet.  En \u00e4ldre romsk bovagn stod p\u00e5 borgg\u00e5rden.<br \/>\nJag hyrde h\u00f6rlurar och en liten fj\u00e4rrkontroll d\u00e4r jag kunde aktivera en ber\u00e4ttarr\u00f6st n\u00e4r jag v\u00e4l kom in i de olika rummen och st\u00e4llde mig framf\u00f6r vissa tavlor och f\u00f6rem\u00e5l inne i slottet. Det var intressant och jag h\u00f6rde m\u00e5nga v\u00e4l ber\u00e4ttade historier om kungar och krig och ombyggnader och tillbyggnader under de senaste 800 \u00e5ren.<br \/>\nMen det var inte <em>Storytelling i och om organisationer<\/em>. Det hade g\u00e4rna f\u00e5tt vara det ocks\u00e5, g\u00e4rna i form av ber\u00e4ttelser om hur de t\u00e4nker i dag, vilka som g\u00f6r bed\u00f6mningar vid renoveringar och andra anedotiska ber\u00e4ttelser om en levande dagens verklighet p\u00e5 2000-talet inom dessa murar. Om den och den antikvarien eller om bes\u00f6kare.<br \/>\nDe skulle ge legitimitet \u00e5t kostnader och stimulera unga och locka kommande medarbetare till detta kulturarv.<\/p>\n","protected":false},"excerpt":{"rendered":"<p>I dag bes\u00f6kte jag Malm\u00f6hus Slott p\u00e5 f\u00f6rmiddagen innan ett seminarium som jag h\u00f6ll p\u00e5 eftermiddagen i Malm\u00f6. Jag passade allts\u00e5 p\u00e5 att bes\u00f6ka Slottet. En \u00e4ldre romsk bovagn stod p\u00e5 borgg\u00e5rden. Jag hyrde h\u00f6rlurar och en liten fj\u00e4rrkontroll d\u00e4r jag kunde aktivera en ber\u00e4ttarr\u00f6st n\u00e4r jag v\u00e4l kom in i de olika rummen och&#8230;<\/p>\n","protected":false},"author":2,"featured_media":0,"comment_status":"open","ping_status":"closed","sticky":false,"template":"","format":"standard","meta":[],"categories":[2],"tags":[],"_links":{"self":[{"href":"https:\/\/storytellers.se\/index.php?rest_route=\/wp\/v2\/posts\/3296"}],"collection":[{"href":"https:\/\/storytellers.se\/index.php?rest_route=\/wp\/v2\/posts"}],"about":[{"href":"https:\/\/storytellers.se\/index.php?rest_route=\/wp\/v2\/types\/post"}],"author":[{"embeddable":true,"href":"https:\/\/storytellers.se\/index.php?rest_route=\/wp\/v2\/users\/2"}],"replies":[{"embeddable":true,"href":"https:\/\/storytellers.se\/index.php?rest_route=%2Fwp%2Fv2%2Fcomments&post=3296"}],"version-history":[{"count":0,"href":"https:\/\/storytellers.se\/index.php?rest_route=\/wp\/v2\/posts\/3296\/revisions"}],"wp:attachment":[{"href":"https:\/\/storytellers.se\/index.php?rest_route=%2Fwp%2Fv2%2Fmedia&parent=3296"}],"wp:term":[{"taxonomy":"category","embeddable":true,"href":"https:\/\/storytellers.se\/index.php?rest_route=%2Fwp%2Fv2%2Fcategories&post=3296"},{"taxonomy":"post_tag","embeddable":true,"href":"https:\/\/storytellers.se\/index.php?rest_route=%2Fwp%2Fv2%2Ftags&post=3296"}],"curies":[{"name":"wp","href":"https:\/\/api.w.org\/{rel}","templated":true}]}}