{"id":3294,"date":"2012-10-24T22:53:41","date_gmt":"2012-10-24T21:53:41","guid":{"rendered":"http:\/\/heijbel.wordpress.com\/2012\/10\/24\/nyhetsbrev-74-analys-eller-story"},"modified":"2012-10-24T22:53:41","modified_gmt":"2012-10-24T21:53:41","slug":"nyhetsbrev-74-analys-eller-story","status":"publish","type":"post","link":"https:\/\/storytellers.se\/?p=3294","title":{"rendered":"Nyhetsbrev 74: Analys eller story?"},"content":{"rendered":"<p>I dag har det sjuttiofj\u00e4rde nyhetsbrevet fr\u00e5n <em>Storytellers<\/em> skickats till drygt 4.000 prenumeranter. Det finns p\u00e5 l\u00e4nken h\u00e4r under. Om du ocks\u00e5 vill ha det, kostnadsfritt f\u00f6rst\u00e5s, s\u00e5 anm\u00e4ler du dig p\u00e5 <a href=\"mailto:matts@storytellers.se\">matts@storytellers.se<\/a> s\u00e5 kommer du p\u00e5 s\u00e4ndlistan. Vill du sen g\u00e5 ur s\u00e5 \u00e4r det bara att s\u00e4ga upp det p\u00e5 samma s\u00e4tt. Om du scrollar ned den h\u00e4r sidan s\u00e5 finns de tidigare nyhetsbreven i arkivet i h\u00f6gerkanten.<br \/>\nDetta det 74e nyhetsbrevet handlar bland annat om gr\u00e4nser och det finns ocks\u00e5 information om kommande seminarier.<\/p>\n<p><!--more--><br \/>\nNyhetsbrev 74:<br \/>\nHej Storytellerv\u00e4n<br \/>\nS\u00e5 var det dags f\u00f6r Nyhetsbrev 74 fr\u00e5n Storytellers. Jag reflekterar den h\u00e4r g\u00e5ngen bland annat lite \u00f6ver gr\u00e4nser och ber\u00e4ttar om hur jag kom in p\u00e5 Storytelling i och om organisationer. I slutet av nyhetsbrevet tipsar jag om n\u00e5gra av mina kommande seminarier runt om i landet. Malm\u00f6, Stockholm, Hudiksvall, Link\u00f6ping och G\u00e4vle \u00e4r bland de platser jag bes\u00f6ker den n\u00e4rmaste m\u00e5naden.<br \/>\nDu f\u00e5r nyhetsbrevet f\u00f6r att du bett om det eller f\u00f6r att du skrivit upp dig p\u00e5 en lista i samband med mina seminarier eller f\u00f6r att vi jobbat tillsammans i n\u00e5got storytellingprojekt. Du \u00e4r en av nyhetsbrevets drygt 4.000 abonnenter. Det \u00e4r jag, <strong>Matts Heijbel<\/strong>, som skrivit dem alla och som \u00e4ven ligger bakom de drygt 1.300 texterna p\u00e5 storytellers.se<br \/>\n+++++++++++++++++++++++++++++++++++++++++++++++++++++<br \/>\nNyligen tr\u00e4ffade jag en del av det nationella hoppet och framtiden i form av kommunikationsstudenterna p\u00e5 <em>S\u00f6dert\u00f6rns h\u00f6gskola<\/em>. En h\u00f6gskola som faktiskt en g\u00e5ng 1999 var inblandad i starten p\u00e5 hela min Storytellingresa.<br \/>\nS\u00f6dert\u00f6rns h\u00f6gskola gav den g\u00e5ngen, det vill s\u00e4ga 1999, tillsammans med <em>N\u00e4ringsdepartementet<\/em>, mig ett uppdrag att f\u00f6lja ett golvl\u00e4ggningsf\u00f6retag i<br \/>\nB\u00e5lsta f\u00f6r att beskriva och tolka ett exempel p\u00e5 f\u00f6retagskultur i svenskt arbetsliv vid det d\u00e5 stundande millennieskiftet.<br \/>\nJag arbetade som en annan Dr Livingstone med Stombergs Massiva Golv varje tisdag i cirka 20 veckor. Jag iakttog och beskrev f\u00f6retaget, kompetensen och v\u00e4rderingarna. L\u00e4rde k\u00e4nna m\u00e4nniskorna. Efter n\u00e5gra veckor blev stombergarna mer och mer som ett folk f\u00f6r mig \u2013 <em><strong>Stombergsfolket<\/strong><\/em>. Ett folk med ber\u00e4ttelser som visade kunskaper och v\u00e4rderingar som jag sen anekdotiskt publicerade p\u00e5 n\u00e4tet varje vecka.<br \/>\nD\u00e5 b\u00f6rjade snickare och golvl\u00e4ggare utifr\u00e5n att s\u00f6ka jobb p\u00e5 Stombergs. Arbetsgivaren blev attraktiv. Snacket gick och spreds och denna Word of Mouth ledde till att kunder h\u00f6rde av sig spontant och best\u00e4llde golv r\u00e4tt av. S\u00e4ljet stimulerades. Interninformationen blev ocks\u00e5 b\u00e4ttre tack vare mina ber\u00e4ttelser om Stombergsfolket eftersom medarbetarna ber\u00e4ttade f\u00f6r mig och jag ber\u00e4ttade vidare. Vi slogs alla av ber\u00e4ttelsernas kraft. V\u00e4gen l\u00e5g d\u00e5 f\u00f6r mig \u00f6ppen f\u00f6r det som internationellt visade sig heta <em>Corporate Storytelling<\/em> eller <em>Storytelling in and about organizations<\/em>.<br \/>\nJag hade jobbat som journalist i m\u00e5nga \u00e5r och hade som f\u00f6rfattare ocks\u00e5 skrivit en rad b\u00f6cker. Jag hade varit l\u00e4rare p\u00e5 <em>Journalisth\u00f6gskolan<\/em> i Stockholm men f\u00f6rst nu s\u00e5g jag fullt ut kraften i det anekdotiska ber\u00e4ttarkapitalet sk\u00f6rdat fr\u00e5n verkligheten.<br \/>\nJag hade sen tidigare en examen i socialantropologi i botten men \u00e4nd\u00e5 s\u00e5g jag f\u00f6rst nu att alla organisationer faktiskt \u00e4r som folkgrupper och att de alla har sin egen f\u00f6retagsfolklore som kan anv\u00e4ndas i rekrytering, ledarskap och s\u00e4lj.<br \/>\nI dag, snart 14 \u00e5r senare, har jag jobbat med Corporate Storyteling i och med hundratals f\u00f6retag och organisationer. Begreppet Storytelling b\u00f6rjar finnas n\u00e4stan <em>\u201dall over the place\u201d<\/em>. Man kan nu ocks\u00e5 l\u00e4sa det i kurser p\u00e5 universitet och h\u00f6gskolor som exempelvis p\u00e5 v\u00e4lrenommerade <em>Harvard Business School<\/em>. P\u00e5 den svenska arenan var jag p\u00e5 detta sp\u00e5r f\u00f6re alla andra och jag har haft rader av kurser p\u00e5 de svenska h\u00f6gskolorna och universiteten genom \u00e5ren.<br \/>\nJag sa f\u00f6ljaktligen till studenterna p\u00e5 S\u00f6dert\u00f6rns h\u00f6gskola att de noga b\u00f6r se och anv\u00e4nda detta fantastiska verktyg n\u00e4r de kommer ut p\u00e5 marknaden som kommunikat\u00f6rer och informat\u00f6rer. De b\u00f6r f\u00f6rst\u00e5 inneb\u00f6rden i de sanna v\u00e4rderingsb\u00e4rande emotionella ber\u00e4ttelsernas kraft.<br \/>\nNu n\u00e4r pionj\u00e4r\u00e5ren f\u00f6r detta syns\u00e4tt \u00e4r passerade kan studenterna helt enkelt ta fram verktygsl\u00e5dan och jobba vidare utifr\u00e5n den enkla insikten att b\u00e4sta storyn vinner.<br \/>\n+++++++++++++++++++++++++++++++++++++++++++++++++++++<br \/>\nJag har nu flera EU-anknutna uppdrag. Jag har varit i Lissabon och tr\u00e4ffat EU-byr\u00e5krater fr\u00e5n ett 20-tal l\u00e4nder. F\u00f6r en tid sedan var jag i G\u00f6teborg med svenskar norrm\u00e4n och danskar som samarbetar med gr\u00e4ns\u00f6verskridande projekt. Norrm\u00e4nnen, som inte \u00e4r med i EU, betalar sj\u00e4lva och h\u00e4nger p\u00e5 projekten. L\u00e4nderna vill g\u00e4rna ha ett gr\u00e4ns\u00f6verskridande samarbete h\u00e4r uppe i Norden. Om n\u00e5gon vecka ska jag sk\u00f6rda ytterligare EU-stories tillsammans med representanter f\u00f6r \u00d6stersj\u00f6staterna p\u00e5 ett m\u00f6te i Tallinn.<br \/>\nIbland blir EU-m\u00e4nniskors arbete r\u00e4tt sv\u00e5rt att f\u00f6rst\u00e5 f\u00f6r utomst\u00e5ende eftersom de lever i en formell rapporterande redovisningskultur. Det \u00e4r klart att man m\u00e5ste redovisa och f\u00f6rklara vad man g\u00f6r med skattepengarna. Men f\u00f6r att vi medborgare i EU ska h\u00e4nga med beh\u00f6ver vi veta var de kommer ifr\u00e5n, var de befinner sig och vart de \u00e4r p\u00e5 v\u00e4g. Vad de g\u00f6r? Vad ska vi egentligen ha dem till? De f\u00e5r allt ber\u00e4tta lite \u2013 inte bara rapportera.<br \/>\n+++++++++++++++++++++++++++++++++++++++++++++++++++++<br \/>\nN\u00e4r vi hade en st\u00f6rre EU-anknuten storytellingworkshop med sk\u00f6rd p\u00e5 <em>Svenska M\u00e4ssan<\/em> i G\u00f6teborg f\u00f6r en tid sen ber\u00e4ttade en EU-man lustigt om \u00f6det att vara en statistisk analytiker som inte alltid kan f\u00f6rklara vad han jobbar med f\u00f6r dem som inte redan vet. Ungef\u00e4r s\u00e5 h\u00e4r var det:<br \/>\n<em>Han tycker om att dansa. Han tycker ocks\u00e5 att det \u00e4r bra ett s\u00e4tt att tr\u00e4ffa kvinnor som han kan f\u00f6rdjupa relationen med. N\u00e4r han hade dansat en kv\u00e4ll med en trevlig kvinna f\u00f6reslog han att de skulle g\u00e5 till baren att ta en drink.<br \/>\nHon tackade ja och de satte oss vid ett trevligt litet bord i baren.<br \/>\n\u2013 Vad jobbar du med, fr\u00e5gade hon.<br \/>\n\u2013 Jag \u00e4r statistisk analytiker, svarade han.<br \/>\nHon tittade p\u00e5 honom. Dr\u00f6jde n\u00e5gra sekunder innan hon slog ned blicken, tog sin<br \/>\nhandv\u00e4ska och tackade f\u00f6r en trevlig stund. Sen gick hon.<br \/>\nN\u00e4sta g\u00e5ng han tr\u00e4ffade en trevlig dam och fick samma fr\u00e5ga om vad han jobbar med s\u00e5 t\u00e4nkte han till och svarade p\u00e5 ett annat s\u00e4tt:<br \/>\n\u2013 Jag \u00e4r ber\u00e4ttare, sa han. Jag ber\u00e4ttar om hur det har varit och om hur det \u00e4r. Jag f\u00f6rs\u00f6ker ocks\u00e5 ber\u00e4tta, s\u00e5 gott jag kan, om framtiden.<br \/>\n\u2013 \u00c5h, s\u00e5 intressant, svarade hon. Ska vi inte ta en drink till s\u00e5 kan du ber\u00e4tta lite mer om ditt sp\u00e4nnande liv och arbete, sa hon.<\/em><br \/>\n\u00c4r det verkligen sant det du s\u00e4ger, fr\u00e5gade jag EU-mannen n\u00e4r jag h\u00f6rde denna story. Ja, sa han, det \u00e4r sant.<br \/>\nJag tycker denna lilla historia bekr\u00e4ftar betydelsen av hur vi beskriver v\u00e5r kompetens och v\u00e5rt arbete samtidigt som den bekr\u00e4ftar att ber\u00e4ttande i sig attraherar m\u00e4nniskor.<br \/>\n+++++++++++++++++++++++++++++++++++++++++++++++++++++<br \/>\nDe EU-finansierade projekten handlar ofta om gr\u00e4nser och gr\u00e4ns\u00f6verskridanden. Nationellt, regionalt och kulturellt. Stora penseldrag drag \u00f6ver stora ytor. Men faktum \u00e4r att gr\u00e4ns\u00f6verskridanden finns och beh\u00f6vs ocks\u00e5 inom f\u00f6retag och organisationer.<br \/>\nDet finns skiljande stupr\u00f6r och diken lite \u00f6verallt som s\u00e4tter gr\u00e4nser mellan m\u00e4nniskor och avdelningar. Eller mellan en och samma organisations olika regioner. Eller mellan kontor och produktion.<br \/>\nStorytelling kan uppm\u00e4rksamma dessa gr\u00e4nser och utmana dem. Man kan ber\u00e4tta om tillf\u00e4llen d\u00e5 gr\u00e4nser hindrar och man kan beskriva h\u00e4ndelser som bryter gr\u00e4nstabun och f\u00e5r till en b\u00e4ttre korsbefruktning och utveckling.<br \/>\n+++++++++++++++++++++++++++++++++++++++++++++++++++++<br \/>\nH\u00e4romdagen tr\u00e4ffade jag kommunikat\u00f6rer och chefer inom <em>G\u00f6teborgs universitet<\/em>. Organisationen G\u00f6teborgs universitet allts\u00e5. Detta sp\u00e4nnande<br \/>\nCityuniversitet har drygt 5.000 anst\u00e4llda och cirka 26.000 studenter. Vad vet omv\u00e4rlden om ett universitet som arbetsplats och vad vet medarbetare och studenter sj\u00e4lva om universitetets roll i samh\u00e4llet?<br \/>\nVi hade en workshop.<br \/>\nUniversiteten beh\u00f6ver bli b\u00e4ttre p\u00e5 att ber\u00e4tta hur och n\u00e4r de str\u00e4cker sig \u00f6ver institutionsgr\u00e4nser. De har faktiskt ett uppdrag fr\u00e5n statsmakterna att visa universitetets roll i samh\u00e4llet. Varf\u00f6r h\u00e5ller sig samh\u00e4llet med universitet och vilken \u00e4r nyttan med detta? Universiteten beh\u00f6ver ha ber\u00e4ttelser f\u00f6r att l\u00e4ttare locka till sig studenter fr\u00e5n n\u00e4r och fj\u00e4rran. Varje student representerar ju ytterst en int\u00e4kt.<br \/>\nMan finns inte om man inte ber\u00e4ttar. Och man ser inte varandras relationer om man inte medvetet s\u00f6ker, sk\u00f6rdar och anv\u00e4nder sina viktigaste ber\u00e4ttelser om m\u00e4nskliga m\u00f6ten.<br \/>\nG\u00f6teborgs universitet har massor av ber\u00e4ttelser om b\u00e4ttre kuv\u00f6ser, internationella studenter som s\u00f6ker sig till G\u00f6teborg tack vare svensk och g\u00f6teborgsk spetskompetens inom vissa omr\u00e5den. Ber\u00e4ttelser om de 5-600 femteklassare som ibland f\u00e5r tr\u00e4ffa toppforskare och professorer och st\u00e4lla sina naturvetenskapliga fr\u00e5gor. H\u00e4r har akademierna mycket kvar att g\u00f6ra. Lyssna in och ber\u00e4tta.<br \/>\n+++++++++++++++++++++++++++++++++++++++++++++++++++++<br \/>\nI dag \/ i morgon ( hur som helst 25 oktober kl 14 ) \u00e4r jag inbjuden som f\u00f6rel\u00e4sare hos <strong>Maria Lethin<\/strong> i Malm\u00f6. Vi h\u00e5ller till p\u00e5 O Learys Entr\u00e9 Fredsgatan 3 i Malm\u00f6. Vill du sista-minuten-anm\u00e4la dig s\u00e5 kontakta Maria Lethin p\u00e5 <em>maria@lethinconsulting.se mobil: +46 733 407 607<\/em><br \/>\nTorsdagen den 15 november mellan klockan 10 -11 har jag mitt eget n\u00e4sta \u00f6ppna seminarium p\u00e5 Krukmakargatan 22 p\u00e5 S\u00f6der i Stockholm. Fr\u00e5n 09.30 serverar jag kaffe och macka. 10 b\u00f6rjar jag och efter kl 11 finns det m\u00f6jlighet till eftersnack. Vill du komma dit kostnadsfritt, jag bjuder, s\u00e5 mejla matts@storytellers.se och skriv 15 nov ja tack s\u00e5 \u00e5terkommer jag med koder och annat.<br \/>\nN\u00e5gonstans kring den 20 november har jag en \u00f6ppen f\u00f6rel\u00e4sning i Hudiksvall. Jag \u00e5terkommer om exakt tid och plats. D\u00e4refter kommer jag att h\u00e5lla en utbildning i fyra steg med tv\u00e5 veckor mellan tillf\u00e4llena. Detta \u00e4r f\u00f6r f\u00f6retag i G\u00e4vleborg och utbildningen som best\u00e4llts av regionen \u00e4r placerad i Hudiksvall.<br \/>\nDen 26 november deltar jag som en av f\u00f6rel\u00e4sarna under <em>Kunskapsdagarna<\/em> p\u00e5 Hotel Ekoxen i Link\u00f6ping. Mitt seminarium \u00e4r mellan 15.10 \u2013 16.00.<br \/>\nDen 5 december har jag en \u00f6ppen frukostf\u00f6rel\u00e4sning om kultur, n\u00e4ringsliv och Storytelling i G\u00e4vle. Jag \u00e5terkommer om detaljerna kring den.<br \/>\nH\u00f6r av dig om det \u00e4r n\u00e5got som intresserar dig.<br \/>\n+++++++++++++++++++++++++++++++++++++++++++++++++++++<br \/>\nDetta var allt f\u00f6r denna g\u00e5ng. Jag som skriver detta heter Matts Heijbel. Jag jobbar sen drygt 10 \u00e5r helt fokuserat p\u00e5 Storytelling i och om f\u00f6retag och organisationer. Jag s\u00f6ker, sk\u00f6rdar och s\u00e4tter ber\u00e4ttelser i arbete. Om du vill har jag ocks\u00e5 filmare med s\u00e5 vi kan g\u00f6ra korta storyfilmer i anslutning till sk\u00f6rdefesten. \u00c4r du intresserad av kontakt s\u00e5 mejla mig kort och gott p\u00e5 matts@storytellers.se<br \/>\nVill du inte ha nyhetsbrevet l\u00e4ngre s\u00e5 \u00e4r det bara att v\u00e4nda det med ett Nej tack! S\u00e5 tar jag bort dig ur s\u00e4ndlistan.<br \/>\nTack f\u00f6r denna g\u00e5ng h\u00e4lsar<br \/>\nMatts Heijbel<br \/>\nStockholm \/ Gr\u00f6dinge<br \/>\n24 oktober 2012<\/p>\n","protected":false},"excerpt":{"rendered":"<p>I dag har det sjuttiofj\u00e4rde nyhetsbrevet fr\u00e5n Storytellers skickats till drygt 4.000 prenumeranter. Det finns p\u00e5 l\u00e4nken h\u00e4r under. Om du ocks\u00e5 vill ha det, kostnadsfritt f\u00f6rst\u00e5s, s\u00e5 anm\u00e4ler du dig p\u00e5 matts@storytellers.se s\u00e5 kommer du p\u00e5 s\u00e4ndlistan. Vill du sen g\u00e5 ur s\u00e5 \u00e4r det bara att s\u00e4ga upp det p\u00e5 samma s\u00e4tt. Om&#8230;<\/p>\n","protected":false},"author":2,"featured_media":0,"comment_status":"open","ping_status":"closed","sticky":false,"template":"","format":"standard","meta":[],"categories":[8],"tags":[],"_links":{"self":[{"href":"https:\/\/storytellers.se\/index.php?rest_route=\/wp\/v2\/posts\/3294"}],"collection":[{"href":"https:\/\/storytellers.se\/index.php?rest_route=\/wp\/v2\/posts"}],"about":[{"href":"https:\/\/storytellers.se\/index.php?rest_route=\/wp\/v2\/types\/post"}],"author":[{"embeddable":true,"href":"https:\/\/storytellers.se\/index.php?rest_route=\/wp\/v2\/users\/2"}],"replies":[{"embeddable":true,"href":"https:\/\/storytellers.se\/index.php?rest_route=%2Fwp%2Fv2%2Fcomments&post=3294"}],"version-history":[{"count":0,"href":"https:\/\/storytellers.se\/index.php?rest_route=\/wp\/v2\/posts\/3294\/revisions"}],"wp:attachment":[{"href":"https:\/\/storytellers.se\/index.php?rest_route=%2Fwp%2Fv2%2Fmedia&parent=3294"}],"wp:term":[{"taxonomy":"category","embeddable":true,"href":"https:\/\/storytellers.se\/index.php?rest_route=%2Fwp%2Fv2%2Fcategories&post=3294"},{"taxonomy":"post_tag","embeddable":true,"href":"https:\/\/storytellers.se\/index.php?rest_route=%2Fwp%2Fv2%2Ftags&post=3294"}],"curies":[{"name":"wp","href":"https:\/\/api.w.org\/{rel}","templated":true}]}}