{"id":3290,"date":"2012-10-18T16:54:02","date_gmt":"2012-10-18T15:54:02","guid":{"rendered":"http:\/\/heijbel.wordpress.com\/2012\/10\/18\/dagens-opinions-veckans-brief"},"modified":"2012-10-18T16:54:02","modified_gmt":"2012-10-18T15:54:02","slug":"dagens-opinions-veckans-brief","status":"publish","type":"post","link":"https:\/\/storytellers.se\/?p=3290","title":{"rendered":"Dagens Opinions Veckans Brief"},"content":{"rendered":"<p>F\u00f6r n\u00e5gra veckor sedan intervjuades jag av <a href=\"http:\/\/www.dagensopinion.se\/content\/veckans-brief\"><strong><em>Veckans Brief<\/em><\/strong><\/a>, nyhetsbrevet utgivet av <em>Dagens Opinion<\/em>. <strong>Ardalan Samimi <\/strong>st\u00e4llde n\u00e5gra fr\u00e5gor om Storytelling i och om organisationer.<br \/>\nH\u00e4r \u00e4r n\u00e5gra citat ur texten:<\/p>\n<p><!--more--><br \/>\n<em>&#8221; Var kortfattad och blanda inte ihop det med reklam eller journalistisk. Det \u00e4r storytelling-konsulten <strong>Matts Heijbels<\/strong> recept p\u00e5 en bra f\u00f6retagsber\u00e4ttelse. &#8221;<br \/>\n&#8221; Enligt Matts Heijbel \u00e4r nyckeln till en bra f\u00f6retagsber\u00e4ttelse att den handlar om m\u00e4nniskor och, till skillnad fr\u00e5n reklamfilmer, \u00e4r baserad i en verklig h\u00e4ndelse utan att omg\u00e4rdas av siffror och tabeller.<br \/>\n\u2013 Den ska p\u00e5minna om en saga, den ska vara k\u00e4nslom\u00e4ssig och inte nedlastad med k\u00e4llor och fakta. Vi vill n\u00e4mligen att ber\u00e4ttelsen ska f\u00e5 vingar och spridas. &#8221;<br \/>\n&#8221; \u2013 De ser i \u00f6gonen p\u00e5 personen som ber\u00e4ttar att det h\u00e4r, det \u00e4r p\u00e5 riktigt. Det \u00e4r emotionell kommunikation som ska skapa f\u00f6rtroende. Man blir ber\u00f6rd och d\u00e4rf\u00f6r ber\u00e4ttas den vidare och p\u00e5verkar snacket. &#8221;<br \/>\n&#8221; \u2013 N\u00e4r jag letar efter en ber\u00e4ttelse som ska fungera i olika kanaler samlar jag m\u00e4nniskor i exempelvis ett f\u00f6retag. Jag \u00e4r ute efter ber\u00e4ttelser som s\u00e4ger n\u00e5got viktigt om varf\u00f6r de finns, vilka v\u00e4rderingar de har. De ska visa v\u00e4rdet med deras produkter, varor och kompetens. &#8221;<br \/>\n&#8221; Det \u00e4r inte bara kommersiella f\u00f6retag som har anv\u00e4ndning av storytelling. Men medan svenska politiker varit d\u00e5liga p\u00e5 att anv\u00e4nda sig av metoden finns det andra offentliga akt\u00f6rer som lyckats i sitt ber\u00e4ttande. Bland andra Skatteverket, som ifjol uts\u00e5gs till Sveriges modernaste myndighet. &#8221;<br \/>\n&#8221; Hur f\u00f6r\u00e4ndras storytelling i och med digitala medier?<br \/>\n\u2013 Spridningen. N\u00e4r man har sin ber\u00e4ttelse klar och kliver ut i sociala medier, s\u00e5 \u00e4r det en enorm skillnad j\u00e4mf\u00f6rt med f\u00f6rr innan internet. D\u00e5 tog det veckor att bara g\u00f6ra trycksaker. \u00c4ven med radio och tv var det omst\u00e4ndligt. Det \u00e4r en enorm skillnad nu, nu f\u00e5r du en extrem spridning. &#8221;<\/em><\/p>\n","protected":false},"excerpt":{"rendered":"<p>F\u00f6r n\u00e5gra veckor sedan intervjuades jag av Veckans Brief, nyhetsbrevet utgivet av Dagens Opinion. Ardalan Samimi st\u00e4llde n\u00e5gra fr\u00e5gor om Storytelling i och om organisationer. H\u00e4r \u00e4r n\u00e5gra citat ur texten:<\/p>\n","protected":false},"author":2,"featured_media":0,"comment_status":"open","ping_status":"closed","sticky":false,"template":"","format":"standard","meta":[],"categories":[3],"tags":[],"_links":{"self":[{"href":"https:\/\/storytellers.se\/index.php?rest_route=\/wp\/v2\/posts\/3290"}],"collection":[{"href":"https:\/\/storytellers.se\/index.php?rest_route=\/wp\/v2\/posts"}],"about":[{"href":"https:\/\/storytellers.se\/index.php?rest_route=\/wp\/v2\/types\/post"}],"author":[{"embeddable":true,"href":"https:\/\/storytellers.se\/index.php?rest_route=\/wp\/v2\/users\/2"}],"replies":[{"embeddable":true,"href":"https:\/\/storytellers.se\/index.php?rest_route=%2Fwp%2Fv2%2Fcomments&post=3290"}],"version-history":[{"count":0,"href":"https:\/\/storytellers.se\/index.php?rest_route=\/wp\/v2\/posts\/3290\/revisions"}],"wp:attachment":[{"href":"https:\/\/storytellers.se\/index.php?rest_route=%2Fwp%2Fv2%2Fmedia&parent=3290"}],"wp:term":[{"taxonomy":"category","embeddable":true,"href":"https:\/\/storytellers.se\/index.php?rest_route=%2Fwp%2Fv2%2Fcategories&post=3290"},{"taxonomy":"post_tag","embeddable":true,"href":"https:\/\/storytellers.se\/index.php?rest_route=%2Fwp%2Fv2%2Ftags&post=3290"}],"curies":[{"name":"wp","href":"https:\/\/api.w.org\/{rel}","templated":true}]}}