{"id":3288,"date":"2012-10-01T12:33:27","date_gmt":"2012-10-01T11:33:27","guid":{"rendered":"http:\/\/heijbel.wordpress.com\/2012\/10\/01\/fullt-drag-i-s-ta-clara-kyrka"},"modified":"2012-10-01T12:33:27","modified_gmt":"2012-10-01T11:33:27","slug":"fullt-drag-i-s-ta-clara-kyrka","status":"publish","type":"post","link":"https:\/\/storytellers.se\/?p=3288","title":{"rendered":"Fullt drag i S.ta Clara kyrka"},"content":{"rendered":"<p>Jag var p\u00e5 s\u00f6ndagsm\u00e4ssan i <em>S.ta Clara kyrka<\/em> i Stockholm i g\u00e5r. N\u00e4ra Sergels torg, mitt i regeringskvarteren, ligger kyrkan som var n\u00e4ra att l\u00e4ggas ned f\u00f6r n\u00e5gra \u00e5rtionden sen. Idag \u00e4r det b\u00f6nestunder dagligen och soppk\u00f6k. Heml\u00f6sa EU-migranter f\u00e5r sova i kyrkan under vinterm\u00e5naderna.<br \/>\nI g\u00e5r var det som vanligt proppfullt till h\u00f6gm\u00e4ssan. Jag skulle tro att det var n\u00e5nstans mellan 6-800 personer d\u00e4r inne. Det stod extrastolar uppst\u00e4llda utmed v\u00e4ggarna eftersom kyrkb\u00e4nkarna i den stora kyrkan var fyllda med m\u00e4nniskor i alla \u00e5ldrar. Orgelmusiken spetsades med trumpeter och k\u00f6rer. Pr\u00e4sten <strong>Carl Erik Sahlberg<\/strong> ber\u00e4ttade inte bara om Jesus utan om m\u00e4nniskor han m\u00f6tt i S:ta Clara. Han \u00e4r en storyteller. Som till exempel n\u00e4r han ber\u00e4ttar om den h\u00e4r unge mannen:<\/p>\n<p><!--more--><br \/>\n&#8230;Det var en familj som hade tre unga vuxna s\u00f6ner. Tv\u00e5 av s\u00f6nerna hade bra jobb och ett vettigt och balanserat liv. Den tredje var missbrukare, kriminell och inl\u00e5st i f\u00e4ngelse. De s\u00f6kte upp Carl Erik Sahlberg och bad honom be en f\u00f6rb\u00f6n f\u00f6r sonen som satt i f\u00e4ngelse. Att han skulle frig\u00f6ra sig fr\u00e5n kriminalitet och droger. F\u00f6rb\u00f6n \u00e4r en s\u00e4rskild form av b\u00f6n d\u00e4r de troende kan be f\u00f6r andra m\u00e4nniskor.<br \/>\nF\u00f6rb\u00f6nen slutade med att f\u00f6r\u00e4ldrarna och pr\u00e4sten tillsammans bad att sonen inom ett \u00e5r skulle vara fri fr\u00e5n sina demoner.<br \/>\nEtt \u00e5r senare tr\u00e4ffades f\u00f6r\u00e4ldrarna och Carl Erik igen och f\u00f6r\u00e4ldrarna ber\u00e4ttade d\u00e5 att sonen nu var drogfri och ute fr\u00e5n f\u00e4ngelset. Han hade f\u00e5tt praktikplats p\u00e5 en handelstr\u00e4dg\u00e5rd.<br \/>\nYtterligare n\u00e5got \u00e5r senare ber\u00e4ttade de att han nu hade ordnade f\u00f6rh\u00e5llanden och en fast anst\u00e4llning.<br \/>\nEn tid senare kom den unge mannen sj\u00e4lv , med blont lockigt h\u00e5r, enligt Sahlberg, inklivande i S:ta Clara kyrka, gick rakt fram till Carl Erik Sahlberg, str\u00e4ckte fram handen och tackade f\u00f6r b\u00f6nen som gjort honom fri.<br \/>\nInom n\u00e5gra m\u00e5nader l\u00e4mnar Carl Erik Sahlberg, som talar swahili, Sverige och flyttar till den egna barnhemsverksamheten i Tanzania tillsammans med sin tanzaniska fru.<br \/>\nDetta \u00e4r verklighet och ett bra exempel p\u00e5 Storytelling i och om Svenska Kyrkan. Vad var det som h\u00e4nde? Vad h\u00e4nder ut\u00f6ver gudstj\u00e4nster, dop och begravning?<br \/>\nN\u00e4r jag var med Botkyrka f\u00f6rsamling i somras kom det m\u00e5nga ber\u00e4ttelser fr\u00e5n just den vardagen i Svenska Kyrkan. Jag tror att mer storytelling i och om kyrkan kan v\u00e4nda den negativa spiral som Svenska kyrkan l\u00e4nge varit i. I Stockholm finns f\u00f6r n\u00e4rvarande tre proppfulla kyrkorum i Svenska kyrkan. F\u00f6rutom S:ta Klara \u00e4r det ocks\u00e5 en stark trend i <em>Allhelgonakyrkan<\/em> som p\u00e5 senare \u00e5r fyllt b\u00e4nkarna med s\u00f6derateister som valt att bejaka sin andlighet. Allt under <strong>Olle Carlssons<\/strong> ledning. Numera fyller han ocks\u00e5 <em>Katarina kyrka<\/em>.<\/p>\n","protected":false},"excerpt":{"rendered":"<p>Jag var p\u00e5 s\u00f6ndagsm\u00e4ssan i S.ta Clara kyrka i Stockholm i g\u00e5r. N\u00e4ra Sergels torg, mitt i regeringskvarteren, ligger kyrkan som var n\u00e4ra att l\u00e4ggas ned f\u00f6r n\u00e5gra \u00e5rtionden sen. Idag \u00e4r det b\u00f6nestunder dagligen och soppk\u00f6k. Heml\u00f6sa EU-migranter f\u00e5r sova i kyrkan under vinterm\u00e5naderna. I g\u00e5r var det som vanligt proppfullt till h\u00f6gm\u00e4ssan. Jag&#8230;<\/p>\n","protected":false},"author":2,"featured_media":0,"comment_status":"open","ping_status":"closed","sticky":false,"template":"","format":"standard","meta":[],"categories":[4],"tags":[],"_links":{"self":[{"href":"https:\/\/storytellers.se\/index.php?rest_route=\/wp\/v2\/posts\/3288"}],"collection":[{"href":"https:\/\/storytellers.se\/index.php?rest_route=\/wp\/v2\/posts"}],"about":[{"href":"https:\/\/storytellers.se\/index.php?rest_route=\/wp\/v2\/types\/post"}],"author":[{"embeddable":true,"href":"https:\/\/storytellers.se\/index.php?rest_route=\/wp\/v2\/users\/2"}],"replies":[{"embeddable":true,"href":"https:\/\/storytellers.se\/index.php?rest_route=%2Fwp%2Fv2%2Fcomments&post=3288"}],"version-history":[{"count":0,"href":"https:\/\/storytellers.se\/index.php?rest_route=\/wp\/v2\/posts\/3288\/revisions"}],"wp:attachment":[{"href":"https:\/\/storytellers.se\/index.php?rest_route=%2Fwp%2Fv2%2Fmedia&parent=3288"}],"wp:term":[{"taxonomy":"category","embeddable":true,"href":"https:\/\/storytellers.se\/index.php?rest_route=%2Fwp%2Fv2%2Fcategories&post=3288"},{"taxonomy":"post_tag","embeddable":true,"href":"https:\/\/storytellers.se\/index.php?rest_route=%2Fwp%2Fv2%2Ftags&post=3288"}],"curies":[{"name":"wp","href":"https:\/\/api.w.org\/{rel}","templated":true}]}}