{"id":3286,"date":"2012-09-27T16:24:33","date_gmt":"2012-09-27T15:24:33","guid":{"rendered":"http:\/\/heijbel.wordpress.com\/2012\/09\/27\/monolog-i-srfs-webbradio"},"modified":"2012-09-27T16:24:33","modified_gmt":"2012-09-27T15:24:33","slug":"monolog-i-srfs-webbradio","status":"publish","type":"post","link":"https:\/\/storytellers.se\/?p=3286","title":{"rendered":"Monolog i SRFs webbradio"},"content":{"rendered":"<p>Jag har arbetat en hel del med Synskadades Riksf\u00f6rbund. Uppdraget har varit att stimulera organisationen att anv\u00e4nda viktiga ber\u00e4ttelser om synskadades verklighet f\u00f6r att g\u00f6ra nytta f\u00f6r medlemmar och f\u00f6r att bidra till ett tillg\u00e4ngligare samh\u00e4lle.<br \/>\n<a href=\"http:\/\/www.srf.nu\/Global\/00%20LjudFiler\/Webbradio\/2012%20webbradio\/storytelling_matts%20_heijbel_28_aug.mp3\"><strong><em>H\u00e4r<\/em><\/strong><\/a> \u00e4r en liten minf\u00f6rel\u00e4sning jag h\u00f6ll i SRFs webbradio nyligen f\u00f6r att bidra till en \u00f6kad storymedvetenhet.<\/p>\n","protected":false},"excerpt":{"rendered":"<p>Jag har arbetat en hel del med Synskadades Riksf\u00f6rbund. Uppdraget har varit att stimulera organisationen att anv\u00e4nda viktiga ber\u00e4ttelser om synskadades verklighet f\u00f6r att g\u00f6ra nytta f\u00f6r medlemmar och f\u00f6r att bidra till ett tillg\u00e4ngligare samh\u00e4lle. H\u00e4r \u00e4r en liten minf\u00f6rel\u00e4sning jag h\u00f6ll i SRFs webbradio nyligen f\u00f6r att bidra till en \u00f6kad storymedvetenhet.<\/p>\n","protected":false},"author":2,"featured_media":0,"comment_status":"open","ping_status":"closed","sticky":false,"template":"","format":"standard","meta":[],"categories":[3],"tags":[],"_links":{"self":[{"href":"https:\/\/storytellers.se\/index.php?rest_route=\/wp\/v2\/posts\/3286"}],"collection":[{"href":"https:\/\/storytellers.se\/index.php?rest_route=\/wp\/v2\/posts"}],"about":[{"href":"https:\/\/storytellers.se\/index.php?rest_route=\/wp\/v2\/types\/post"}],"author":[{"embeddable":true,"href":"https:\/\/storytellers.se\/index.php?rest_route=\/wp\/v2\/users\/2"}],"replies":[{"embeddable":true,"href":"https:\/\/storytellers.se\/index.php?rest_route=%2Fwp%2Fv2%2Fcomments&post=3286"}],"version-history":[{"count":0,"href":"https:\/\/storytellers.se\/index.php?rest_route=\/wp\/v2\/posts\/3286\/revisions"}],"wp:attachment":[{"href":"https:\/\/storytellers.se\/index.php?rest_route=%2Fwp%2Fv2%2Fmedia&parent=3286"}],"wp:term":[{"taxonomy":"category","embeddable":true,"href":"https:\/\/storytellers.se\/index.php?rest_route=%2Fwp%2Fv2%2Fcategories&post=3286"},{"taxonomy":"post_tag","embeddable":true,"href":"https:\/\/storytellers.se\/index.php?rest_route=%2Fwp%2Fv2%2Ftags&post=3286"}],"curies":[{"name":"wp","href":"https:\/\/api.w.org\/{rel}","templated":true}]}}