{"id":3280,"date":"2012-09-07T14:42:22","date_gmt":"2012-09-07T13:42:22","guid":{"rendered":"http:\/\/heijbel.wordpress.com\/2012\/09\/07\/allra-hogsta-betyg-fran-917-procent"},"modified":"2012-09-07T14:42:22","modified_gmt":"2012-09-07T13:42:22","slug":"allra-hogsta-betyg-fran-917-procent","status":"publish","type":"post","link":"https:\/\/storytellers.se\/?p=3280","title":{"rendered":"Allra h\u00f6gsta betyg fr\u00e5n 91,7 procent"},"content":{"rendered":"<p>Eftersom jag lever p\u00e5 att f\u00f6rel\u00e4sa om Corporate Storytelling och driva processer kring ber\u00e4ttandet s\u00e5 m\u00e5ste jag v\u00e4l d\u00e5 och d\u00e5 f\u00e5 skryta \u00f6ver utv\u00e4rderingarna jag f\u00e5r.<br \/>\nJag \u00e4r r\u00e4tt bortsk\u00e4md. S\u00e5 h\u00e4r kommer skryt fr\u00e5n en utbildningskonferens med <em>Botkyrka f\u00f6rsamling<\/em> i <strong>Svenska Kyrkan<\/strong> d\u00e4r vi hade en stor sk\u00f6rdefest. Ett 60-tal medarbetare var d\u00e4r och tillsammans s\u00f6kte vi och sk\u00f6rdade ber\u00e4ttelser i och om f\u00f6rsamlingens arbete.<br \/>\n91,7 procent gav storytellingprocessen h\u00f6gsta betyget: <em><em>Mycket Bra<\/em><\/em>. 6,7 procent gav n\u00e4st h\u00f6gsta: <em><em>Bra<\/em><\/em>. 98,4 procent gav  allts\u00e5 betyget mycket bra eller bra. Bara en person valde betyget: <em><strong>S\u00e5 d\u00e4r..<\/strong><\/em> och ingen gav de l\u00e4gre betygen.<br \/>\nKommentarerna l\u00e4t s\u00e5 h\u00e4r: <em>&#8221; Storytellingdagen var en h\u00f6jdpunkt&#8221;, &#8221;Ber\u00e4ttelserna m\u00e5ste forts\u00e4tta leva&#8221;, &#8221;Forts\u00e4tt dela liv, ber\u00e4ttelser, s\u00e5rbarhet&#8221;, &#8221;Matts var otroligt proffsig, intressant och rolig att lyssna till&#8230;&#8221;<\/em><br \/>\nJag blir stolt och glad men nu f\u00e5r det vara nog med skryt f\u00f6r denna g\u00e5ng.<\/p>\n","protected":false},"excerpt":{"rendered":"<p>Eftersom jag lever p\u00e5 att f\u00f6rel\u00e4sa om Corporate Storytelling och driva processer kring ber\u00e4ttandet s\u00e5 m\u00e5ste jag v\u00e4l d\u00e5 och d\u00e5 f\u00e5 skryta \u00f6ver utv\u00e4rderingarna jag f\u00e5r. Jag \u00e4r r\u00e4tt bortsk\u00e4md. S\u00e5 h\u00e4r kommer skryt fr\u00e5n en utbildningskonferens med Botkyrka f\u00f6rsamling i Svenska Kyrkan d\u00e4r vi hade en stor sk\u00f6rdefest. Ett 60-tal medarbetare var d\u00e4r&#8230;<\/p>\n","protected":false},"author":2,"featured_media":0,"comment_status":"open","ping_status":"closed","sticky":false,"template":"","format":"standard","meta":[],"categories":[5],"tags":[],"_links":{"self":[{"href":"https:\/\/storytellers.se\/index.php?rest_route=\/wp\/v2\/posts\/3280"}],"collection":[{"href":"https:\/\/storytellers.se\/index.php?rest_route=\/wp\/v2\/posts"}],"about":[{"href":"https:\/\/storytellers.se\/index.php?rest_route=\/wp\/v2\/types\/post"}],"author":[{"embeddable":true,"href":"https:\/\/storytellers.se\/index.php?rest_route=\/wp\/v2\/users\/2"}],"replies":[{"embeddable":true,"href":"https:\/\/storytellers.se\/index.php?rest_route=%2Fwp%2Fv2%2Fcomments&post=3280"}],"version-history":[{"count":0,"href":"https:\/\/storytellers.se\/index.php?rest_route=\/wp\/v2\/posts\/3280\/revisions"}],"wp:attachment":[{"href":"https:\/\/storytellers.se\/index.php?rest_route=%2Fwp%2Fv2%2Fmedia&parent=3280"}],"wp:term":[{"taxonomy":"category","embeddable":true,"href":"https:\/\/storytellers.se\/index.php?rest_route=%2Fwp%2Fv2%2Fcategories&post=3280"},{"taxonomy":"post_tag","embeddable":true,"href":"https:\/\/storytellers.se\/index.php?rest_route=%2Fwp%2Fv2%2Ftags&post=3280"}],"curies":[{"name":"wp","href":"https:\/\/api.w.org\/{rel}","templated":true}]}}