{"id":3276,"date":"2012-09-06T12:40:27","date_gmt":"2012-09-06T11:40:27","guid":{"rendered":"http:\/\/heijbel.wordpress.com\/2012\/09\/06\/en-ledsen-pojke-forklarar"},"modified":"2012-09-06T12:40:27","modified_gmt":"2012-09-06T11:40:27","slug":"en-ledsen-pojke-forklarar","status":"publish","type":"post","link":"https:\/\/storytellers.se\/?p=3276","title":{"rendered":"En ledsen pojke f\u00f6rklarar"},"content":{"rendered":"<p>Svenska Kyrkan arbetar bland annat med att st\u00f6tta flyktingar och asyls\u00f6kande. De har ibland aktiviteter f\u00f6r framf\u00f6rallt barnen f\u00f6r att de ska komma ur sin oro och f\u00f6rst\u00e5 mer om det svenska samh\u00e4llet.<br \/>\nEn ung man, fritidsledare i Svenska Kyrkan, som arbetade med dessa flyktingbarn m\u00e4rkte att en kille i 10-\u00e5rs\u00e5ldern satt i en sl\u00e4nt med neds\u00e4nkt huvud medan de andra barnen spelade fotboll intill. Han gick fram till pojken och sa&#8230;.<\/p>\n<p><!--more--><br \/>\n\u2013 Hur \u00e4r det? Ska vi spela lite fotboll du och jag? Jag har en boll h\u00e4r.<br \/>\n\u2013 Nej, jag vill inte, sa pojken.<br \/>\n\u2013 Kom igen vi kan kicka du och jag.<br \/>\nMen pojken ville inte. Fritidsledaren ins\u00e5g att h\u00e4r var n\u00e5got fel. Han fr\u00e5gade vad det var som tryckte honom. Var det n\u00e5got han kunde hj\u00e4lpa till med.<br \/>\nPojken drog in andan och sa att hans fr\u00f6ken var dum mot honom. H\u00e4r reagerade fritidspedagogen. S\u00e5 h\u00e4r kan det inte vara s\u00e5 han bad pojken ber\u00e4tta.<br \/>\n\u2013 Fr\u00f6ken kallar mig h\u00e4st, sa pojken.<br \/>\nOj t\u00e4nkte fritidsledaren. S\u00e5 kan det ju inte g\u00e5 till. Det h\u00e4r m\u00e5ste redas ut. H\u00e4st? Ber\u00e4tta hur det gick till, sa han.<br \/>\n\u2013 Hon kallar mig Lille Gubben, sa pojken och det \u00e4r ju Pippis h\u00e4st.<br \/>\nFritidsledaren andades l\u00e4ttad ut och f\u00f6rklarade att Gubbe betyder liten man. Hon menade ju att du var en liten man och det \u00e4r inte elakt.<br \/>\nD\u00e5 gick det upp f\u00f6r pojken han skrattade till och sprang ut p\u00e5 fotbollsplanen.<br \/>\nEn gullig ber\u00e4ttelse fr\u00e5n Svenska Kyrkan arbete. Men ocks\u00e5 ett gott exempel p\u00e5 v\u00e4rdet av professionella medarbetare som ser barnen och lyssnar p\u00e5 dem och som \u00e4r beredda att gripa in och engagera sig d\u00e4r det beh\u00f6vs.<br \/>\nMed andra ord en Svenska Kyrkanber\u00e4ttelse.<\/p>\n","protected":false},"excerpt":{"rendered":"<p>Svenska Kyrkan arbetar bland annat med att st\u00f6tta flyktingar och asyls\u00f6kande. De har ibland aktiviteter f\u00f6r framf\u00f6rallt barnen f\u00f6r att de ska komma ur sin oro och f\u00f6rst\u00e5 mer om det svenska samh\u00e4llet. En ung man, fritidsledare i Svenska Kyrkan, som arbetade med dessa flyktingbarn m\u00e4rkte att en kille i 10-\u00e5rs\u00e5ldern satt i en sl\u00e4nt&#8230;<\/p>\n","protected":false},"author":2,"featured_media":0,"comment_status":"open","ping_status":"closed","sticky":false,"template":"","format":"standard","meta":[],"categories":[10],"tags":[],"_links":{"self":[{"href":"https:\/\/storytellers.se\/index.php?rest_route=\/wp\/v2\/posts\/3276"}],"collection":[{"href":"https:\/\/storytellers.se\/index.php?rest_route=\/wp\/v2\/posts"}],"about":[{"href":"https:\/\/storytellers.se\/index.php?rest_route=\/wp\/v2\/types\/post"}],"author":[{"embeddable":true,"href":"https:\/\/storytellers.se\/index.php?rest_route=\/wp\/v2\/users\/2"}],"replies":[{"embeddable":true,"href":"https:\/\/storytellers.se\/index.php?rest_route=%2Fwp%2Fv2%2Fcomments&post=3276"}],"version-history":[{"count":0,"href":"https:\/\/storytellers.se\/index.php?rest_route=\/wp\/v2\/posts\/3276\/revisions"}],"wp:attachment":[{"href":"https:\/\/storytellers.se\/index.php?rest_route=%2Fwp%2Fv2%2Fmedia&parent=3276"}],"wp:term":[{"taxonomy":"category","embeddable":true,"href":"https:\/\/storytellers.se\/index.php?rest_route=%2Fwp%2Fv2%2Fcategories&post=3276"},{"taxonomy":"post_tag","embeddable":true,"href":"https:\/\/storytellers.se\/index.php?rest_route=%2Fwp%2Fv2%2Ftags&post=3276"}],"curies":[{"name":"wp","href":"https:\/\/api.w.org\/{rel}","templated":true}]}}