{"id":3266,"date":"2012-08-17T16:59:14","date_gmt":"2012-08-17T15:59:14","guid":{"rendered":"http:\/\/heijbel.wordpress.com\/2012\/08\/17\/nyhetsbrev-73-seminarier-mm"},"modified":"2012-08-17T16:59:14","modified_gmt":"2012-08-17T15:59:14","slug":"nyhetsbrev-73-seminarier-mm","status":"publish","type":"post","link":"https:\/\/storytellers.se\/?p=3266","title":{"rendered":"Nyhetsbrev 73: Seminarier mm"},"content":{"rendered":"<p>I dag har cirka 4000 prenumeranter f\u00e5tt Storytellers nyhetsbrev. Det finns p\u00e5 l\u00e4nken h\u00e4r under. Vill du ocks\u00e5 ha det kostnadsfria nyhetsbrevet s\u00e5 kan du anm\u00e4la dig p\u00e5 <a href=\"mailto:matts@storytellers.se\">matts@storytellers.se<\/a><\/p>\n<p><!--more--><br \/>\nNyhetsbrev 73<br \/>\nHej Storytellerv\u00e4n<br \/>\nS\u00e5 var det allts\u00e5 d\u00e5 f\u00f6r det 73e nyhetsbrevet fr\u00e5n Storytellers.<br \/>\nN\u00e4r jag b\u00f6rjade med Corporate Storytelling vid millennieskiftet fanns begreppet inte alls p\u00e5 svenska Google. I januari 2009 var det uppe i 3.800 tr\u00e4ffar. I dag \u00e4r det 77.000  tr\u00e4ffar p\u00e5 &#8221;Corporate Storytelling&#8221; inom citattecken om man s\u00f6ker p\u00e5 svenska Google.<br \/>\nDet s\u00e4ger en del om utvecklingen.<br \/>\nDet inneb\u00e4r ocks\u00e5 att det i dag \u00e4r flera kockar och att begreppet f\u00e5tt m\u00e5nga olika inneb\u00f6rder och det \u00e4r nu m\u00e5nga som p\u00e5st\u00e5r sig h\u00e5lla p\u00e5 med Corporate Storytelling fast de, enligt min mening, egentligen h\u00e5ller p\u00e5 med n\u00e4ringslivshistoria eller vanlig journalistik eller copy som de kallar storytelling eftersom ordet \u00e4r popul\u00e4rt.<br \/>\nF\u00f6r mig \u00e4r Corporate Storytelling, storylistening, storysharing, storyselling, storybuidling etcetera olika s\u00e4tt att sk\u00f6rda och anv\u00e4nda kulturkapitalet i och och om f\u00f6retag och organisationer. Den f\u00f6retagsfolklore som finns speglar v\u00e4rderingar och kompetens och kommunicerar ett emotionellt budskap om en kultur.<br \/>\nDetta kapital, sk\u00f6rdat fr\u00e5n verkligheten, kan man anv\u00e4nda i marknadsf\u00f6ring, ledarskap, s\u00e4lj och employer branding.<br \/>\nJag har utvecklat en metod som garanterat hittar och sk\u00f6rdar dessa sanna ber\u00e4ttelser som kan befolka ett varum\u00e4rke och som skapar merv\u00e4rden till varor och tj\u00e4nster. Den metoden finns i min bok Storytelling befolkar varum\u00e4rket som just nu ska tryckas i en tredje upplaga.<br \/>\nSka du ge dig in i ett storytellingprojekt s\u00e5 ska du f\u00f6rs\u00f6ka fundera \u00f6ver vad det \u00e4r du vill och varf\u00f6r du beh\u00f6ver ber\u00e4ttelserna. Dessutom beh\u00f6ver du veta hur du ska s\u00e4tta sk\u00f6rden i arbete n\u00e4r du v\u00e4l har den. Det kan jag hj\u00e4lpa till med, att ringa in strategin och \u00e4ven driva processen om du vill.<br \/>\n+++++++++++++++++++++++++++++++++++++++++++++++++<br \/>\nDen 5 september kommer jag till \u00d6rebro f\u00f6r att i samarbete med Spiran h\u00e5lla ett storytellingseminarium. Det seminariet v\u00e4nder sig fr\u00e4mst till verksamhets- och personalansvariga inom v\u00e5rd och omsorg. H\u00e4r \u00e4r l\u00e4nken till den dagen: http:\/\/www.spiran.se\/kurs\/138_jobb_med_mening.html<br \/>\nDagen innan, den 4 september, har jag ett \u00f6ppet kostnadsfritt seminarium p\u00e5 Krukmakargatan i Stockholm d\u00e4r jag mellan klockan 10-11 h\u00e5ller en inspirationsf\u00f6rel\u00e4sning. Vill du komma p\u00e5 den s\u00e5 anm\u00e4ler du dig till matts@storytellers.se och skriver 4 september i rubriken s\u00e5 \u00e5terkommer jag med detaljerna. D\u00e4r ges ocks\u00e5 m\u00f6jligheter till fr\u00e5gor.<br \/>\nDen 25 oktober klockan 14 kommer jag att vara i Malm\u00f6 inbjuden av Maria Lethin. Du kan anm\u00e4la dig till maria@lethinconsulting.se det kostar 450 sek + moms.<br \/>\n+++++++++++++++++++++++++++++++++++++++++++++++++<br \/>\nI g\u00e5r var jag och tr\u00e4ffade Myrsj\u00f6skolan i Nacka. D\u00e5 kom denna ber\u00e4ttelse fram om en elev, en ber\u00e4ttelse som hade ber\u00f6rt l\u00e4rarna mycket.<br \/>\nEn pojke med s\u00e5 kallad bokstavsdiagnos hade i sjuan f\u00e5tt komma till en vanlig klass. Tidigare hade han f\u00e5tt n\u00f6ja sig med enskild undervisning p\u00e5 grund av sina koncentrationssv\u00e5righeter.<br \/>\nPojken hade gett sig den p\u00e5 att han skulle klara skolan lika bra som de andra i klassen s\u00e5 han l\u00e4ste ursinnigt och intensivt. Svenska, matte, spanska, historia om vart annat. I sk\u00e5pet r\u00e5dde fullst\u00e4ndigt kaos s\u00e5 han fick hj\u00e4lp av l\u00e4rarna n\u00e4stan dagligen att sortera och g\u00f6ra i ordning allt som fanns d\u00e4r.<br \/>\nP\u00e5 skolan f\u00e5r eleverna en dator det hade den h\u00e4r pojken ocks\u00e5 f\u00e5tt. Men det tog en tid innan han fick en egen datorv\u00e4ska. N\u00e4r han v\u00e4l fick den h\u00e4nde n\u00e5got m\u00e4rkligt. Han v\u00e4nde och vred p\u00e5 v\u00e4skan, ett leende drog \u00f6ver hans ansikte.<br \/>\nFr\u00e5n den dagen blev det ordning p\u00e5 hans papper. Han sorterades dem med pedantisk noggrannhet i datorv\u00e4skans olika fack.<br \/>\nHan kom snart bra in i klassen och klarade h\u00f6gstadiet med godk\u00e4nda betyg.<br \/>\nN\u00e4r han sa adj\u00f6 till l\u00e4rarna efter nian sa han att han var redo att g\u00e5 vidare i livet. H\u00f6gstadieskolan hade inget mer att l\u00e4ra honom.<br \/>\nN\u00e4r h\u00f6stterminen b\u00f6rjade och han gick p\u00e5 gymnasiet kom han en dag tillbaks till Myrsj\u00f6skolan med sin datorv\u00e4ska. Den var ren och fin och han ville l\u00e4mna tillbaks den. Han tackade samtidigt f\u00f6r tiden p\u00e5 h\u00f6gstadiet.<br \/>\n\u2013 Den h\u00e4r datorv\u00e4skan beh\u00f6ver jag inte l\u00e4ngre, sa han leende. Jag har en mycket st\u00f6rre datorv\u00e4ska nu.<br \/>\nDet v\u00e4rmde hans l\u00e4rare som sett den fantastiska utveckling pojken g\u00e5tt igenom.<br \/>\n+++++++++++++++++++++++++++++++++++++++++++++++++<br \/>\nJag reser nu en del utomlands inom olika  EU-projekt f\u00f6r att stimulera ber\u00e4ttandet. Speciellt inom projekt med gr\u00e4ns\u00f6verskridande samarbeten. Allts\u00e5 samarbeten kring Medelhavet eller \u00d6stersj\u00f6n. Eller gr\u00e4nstrakter mellan olika l\u00e4nder och regioner. Ber\u00e4ttelserna \u00e4r till f\u00f6r att visa meningen med detta arbete och dess yttersta syfte fred och utveckling.<br \/>\nJag har ocks\u00e5 uppdrag fr\u00e5n Svenska Kyrkan. Jag ska exempelvis arbeta med en av landets stora f\u00f6rsamlingar, den i Botkyrka. D\u00e5 handlar det inte om deras produkt, om man s\u00e4ger s\u00e5, jag menar ber\u00e4ttelsen om Gud och Jesus utan nu handlar det om personalen, f\u00f6rsamlingsmedlemmarna och vad de h\u00e5ller p\u00e5 med. Vad g\u00f6r de n\u00e4r det inte \u00e4r gudstj\u00e4nst. Svenska Kyrkan beh\u00f6ver bli b\u00e4ttre p\u00e5 att ber\u00e4tta.<br \/>\n+++++++++++++++++++++++++++++++++++++++++++++++++<br \/>\nAtt Corporate Storytelling \u00e4r p\u00e5 modet m\u00e4rks bland annat i alla utm\u00e4rkelser och priser som delas ut till studenter som skriver om \u00e4mnet. Jag har l\u00f6pande bes\u00f6k av studenter som vill veta mer och som intervjuar mig timme ut och timme in. Jag delar g\u00e4rna med mig och trivs bra med att f\u00e5 betala tillbaks till de universitet och h\u00f6gskolor d\u00e4r jag sj\u00e4lv f\u00e5tt mina examina. Jag tycker vi alla i arbetslivet ska st\u00f6tta v\u00e5ra fria universitet och h\u00f6gskolor. Pay back time.<br \/>\nI v\u00e5ras fick en masteruppsats vid Handelsh\u00f6gskolan i G\u00f6teborg utm\u00e4rkelsen \u00e5rets b\u00e4sta uppsats inom marknadsf\u00f6ring. The Untold Story &#8211; Storytelling in external Employer Branding heter den. Christofer Nilsson och Josefin Nordgren har skrivit den.<br \/>\nDen 19 oktober \u00e4r jag inbjuden av Hanna Sofia Rehnberg till S\u00f6dert\u00f6rns H\u00f6gskola. Jag ska h\u00e5lla ett seminarium. Hanna Sofia doktorerar inom \u00e4mnet Corporate Storytelling.<br \/>\n+++++++++++++++++++++++++++++++++++++++++++++++++<br \/>\nGl\u00f6m inte att varje m\u00e4nniska som har med ett f\u00f6retag eller en organisation att g\u00f6ra ocks\u00e5 kan ber\u00e4tta om denna relation. De enskilda m\u00e4nniskornas ber\u00e4ttelser \u00e4r alla pusselbitar i odlandet av varum\u00e4rket.<br \/>\nJag brukar d\u00e4rf\u00f6r fr\u00e5ga: Varf\u00f6r \u00e4r du h\u00e4r? Vad var det som gjorde att du hamnade h\u00e4r? Eller, om det handlar om kunder och brukare: Vad har du f\u00f6r nytta och gl\u00e4dje av detta. S\u00e5 finner man bit f\u00f6r bit den stora ber\u00e4ttelsen om varor, tj\u00e4nster och organisationskulturer.<br \/>\n+++++++++++++++++++++++++++++++++++++++++++++++++<br \/>\nDet var det f\u00f6r denna g\u00e5ng. Jag som skriver dessa brev heter Matts Heijbel och du f\u00e5r det f\u00f6r att du bett om det, skrivit upp dig p\u00e5 en lista eller f\u00f6r att du och jag har samarbetat kring eller diskuterat storytellingkonceptet.<br \/>\nVill du inte ha det l\u00e4ngre s\u00e5 v\u00e4nder du det bara med ett Nej tack s\u00e5 tar jag bort dig ur s\u00e4ndlistan. Du \u00e4r en av drygt 4.000 prenumeranter.<br \/>\nVill du mer att l\u00e4sa om dett s\u00e5 finns l\u00e5ngt \u00f6ver tusen texter (1346 st) i \u00e4mnet p\u00e5 storytellers.se<br \/>\nHej d\u00e5 f\u00f6r denna g\u00e5ng<br \/>\nh\u00e4lsar Matts Heijbel<br \/>\nStockholm \/ Gr\u00f6dinge<br \/>\n17 augusti 2012<\/p>\n","protected":false},"excerpt":{"rendered":"<p>I dag har cirka 4000 prenumeranter f\u00e5tt Storytellers nyhetsbrev. Det finns p\u00e5 l\u00e4nken h\u00e4r under. Vill du ocks\u00e5 ha det kostnadsfria nyhetsbrevet s\u00e5 kan du anm\u00e4la dig p\u00e5 matts@storytellers.se<\/p>\n","protected":false},"author":2,"featured_media":0,"comment_status":"open","ping_status":"closed","sticky":false,"template":"","format":"standard","meta":[],"categories":[8],"tags":[],"_links":{"self":[{"href":"https:\/\/storytellers.se\/index.php?rest_route=\/wp\/v2\/posts\/3266"}],"collection":[{"href":"https:\/\/storytellers.se\/index.php?rest_route=\/wp\/v2\/posts"}],"about":[{"href":"https:\/\/storytellers.se\/index.php?rest_route=\/wp\/v2\/types\/post"}],"author":[{"embeddable":true,"href":"https:\/\/storytellers.se\/index.php?rest_route=\/wp\/v2\/users\/2"}],"replies":[{"embeddable":true,"href":"https:\/\/storytellers.se\/index.php?rest_route=%2Fwp%2Fv2%2Fcomments&post=3266"}],"version-history":[{"count":0,"href":"https:\/\/storytellers.se\/index.php?rest_route=\/wp\/v2\/posts\/3266\/revisions"}],"wp:attachment":[{"href":"https:\/\/storytellers.se\/index.php?rest_route=%2Fwp%2Fv2%2Fmedia&parent=3266"}],"wp:term":[{"taxonomy":"category","embeddable":true,"href":"https:\/\/storytellers.se\/index.php?rest_route=%2Fwp%2Fv2%2Fcategories&post=3266"},{"taxonomy":"post_tag","embeddable":true,"href":"https:\/\/storytellers.se\/index.php?rest_route=%2Fwp%2Fv2%2Ftags&post=3266"}],"curies":[{"name":"wp","href":"https:\/\/api.w.org\/{rel}","templated":true}]}}