{"id":3262,"date":"2012-08-14T12:23:10","date_gmt":"2012-08-14T11:23:10","guid":{"rendered":"http:\/\/heijbel.wordpress.com\/2012\/08\/14\/den-enskildes-berattelse-en-pusselbit"},"modified":"2012-08-14T12:23:10","modified_gmt":"2012-08-14T11:23:10","slug":"den-enskildes-berattelse-en-pusselbit","status":"publish","type":"post","link":"https:\/\/storytellers.se\/?p=3262","title":{"rendered":"Den enskildes ber\u00e4ttelse en pusselbit"},"content":{"rendered":"<p>N\u00e4r jag \u00e4r inbjuden till ett f\u00f6retag eller en organisation f\u00f6r att s\u00f6ka och sk\u00f6rda ber\u00e4ttelser passa jag ofta p\u00e5 att leta efter medarbetarnas egna personliga ber\u00e4ttelser visavi organisationen &#8211; eller kundernas, brukarnas, klienternas &#8211; beroende p\u00e5 uppl\u00e4gget. Jag ser individen som en pusselbit i det samlade varum\u00e4rket som ska odlas och befolkas med h\u00e4ndelser.<br \/>\n\u2022 Varf\u00f6r \u00e4r du h\u00e4r?<br \/>\n\u2022 Vad kommer du aldrig att gl\u00f6mma?<br \/>\n\u2022 Vad var det som gjorde att du s\u00f6kte dig till denna del av arbetslivet?<br \/>\nJag lovar att det finns m\u00e5nga s\u00e5dana personliga ber\u00e4ttelser om h\u00e4ndelser som kan l\u00e4ra \u00f6vriga organisationen och g\u00f6ra nytta i rekrytering, ledarskap och marknadsf\u00f6ring. Jag menar inte vanliga sm\u00e5 personportr\u00e4tt om en medarbetare som har tv\u00e5 barn och tycker om att segla p\u00e5 fritiden.<br \/>\nNej, det ska vara andekdotiska ber\u00e4ttelser om enskilda h\u00e4ndelser som haft betydelse f\u00f6r en m\u00e4nniska kopplade till detta specifika varum\u00e4rke. Magiska \u00f6gonblick.<\/p>\n","protected":false},"excerpt":{"rendered":"<p>N\u00e4r jag \u00e4r inbjuden till ett f\u00f6retag eller en organisation f\u00f6r att s\u00f6ka och sk\u00f6rda ber\u00e4ttelser passa jag ofta p\u00e5 att leta efter medarbetarnas egna personliga ber\u00e4ttelser visavi organisationen &#8211; eller kundernas, brukarnas, klienternas &#8211; beroende p\u00e5 uppl\u00e4gget. Jag ser individen som en pusselbit i det samlade varum\u00e4rket som ska odlas och befolkas med h\u00e4ndelser&#8230;.<\/p>\n","protected":false},"author":2,"featured_media":0,"comment_status":"open","ping_status":"closed","sticky":false,"template":"","format":"standard","meta":[],"categories":[2],"tags":[],"_links":{"self":[{"href":"https:\/\/storytellers.se\/index.php?rest_route=\/wp\/v2\/posts\/3262"}],"collection":[{"href":"https:\/\/storytellers.se\/index.php?rest_route=\/wp\/v2\/posts"}],"about":[{"href":"https:\/\/storytellers.se\/index.php?rest_route=\/wp\/v2\/types\/post"}],"author":[{"embeddable":true,"href":"https:\/\/storytellers.se\/index.php?rest_route=\/wp\/v2\/users\/2"}],"replies":[{"embeddable":true,"href":"https:\/\/storytellers.se\/index.php?rest_route=%2Fwp%2Fv2%2Fcomments&post=3262"}],"version-history":[{"count":0,"href":"https:\/\/storytellers.se\/index.php?rest_route=\/wp\/v2\/posts\/3262\/revisions"}],"wp:attachment":[{"href":"https:\/\/storytellers.se\/index.php?rest_route=%2Fwp%2Fv2%2Fmedia&parent=3262"}],"wp:term":[{"taxonomy":"category","embeddable":true,"href":"https:\/\/storytellers.se\/index.php?rest_route=%2Fwp%2Fv2%2Fcategories&post=3262"},{"taxonomy":"post_tag","embeddable":true,"href":"https:\/\/storytellers.se\/index.php?rest_route=%2Fwp%2Fv2%2Ftags&post=3262"}],"curies":[{"name":"wp","href":"https:\/\/api.w.org\/{rel}","templated":true}]}}