{"id":3260,"date":"2012-08-07T19:59:42","date_gmt":"2012-08-07T18:59:42","guid":{"rendered":"http:\/\/heijbel.wordpress.com\/2012\/08\/07\/tredje-upplagan-pa-gang"},"modified":"2012-08-07T19:59:42","modified_gmt":"2012-08-07T18:59:42","slug":"tredje-upplagan-pa-gang","status":"publish","type":"post","link":"https:\/\/storytellers.se\/?p=3260","title":{"rendered":"Tredje upplagan p\u00e5 g\u00e5ng"},"content":{"rendered":"<p>Min bok <strong><em>Storytelling befolkar varum\u00e4rket<\/em><\/strong> \u00e4r totalt sluts\u00e5ld i sina f\u00f6rsta tv\u00e5 upplagor. Den tredje \u00e4r nu p\u00e5 g\u00e5ng s\u00e5 den kommer inom n\u00e5gon m\u00e5nad hoppas jag. S\u00e5 h\u00e5ll ut.<br \/>\nVill du best\u00e4lla den direkt fr\u00e5n f\u00f6rlaget n\u00e4r den kommer s\u00e5 mejla <a href=\"mailto:matts@storytellers.se\">matts@storytellers.se<\/a> s\u00e5 ger jag uppgifterna till f\u00f6rlaget. Priset \u00e4r d\u00e5 200 sek inkl moms. Porto tillkommer. Den skickas med bifogad faktura direkt n\u00e4r den kommer fr\u00e5n trycket.<br \/>\nDen kommer givetvis att finnas p\u00e5 <em>Adlibris<\/em>, <em>Bokus<\/em> och \u00f6vriga bokhandeln igen s\u00e5 snart den \u00e4r klar.<\/p>\n","protected":false},"excerpt":{"rendered":"<p>Min bok Storytelling befolkar varum\u00e4rket \u00e4r totalt sluts\u00e5ld i sina f\u00f6rsta tv\u00e5 upplagor. Den tredje \u00e4r nu p\u00e5 g\u00e5ng s\u00e5 den kommer inom n\u00e5gon m\u00e5nad hoppas jag. S\u00e5 h\u00e5ll ut. Vill du best\u00e4lla den direkt fr\u00e5n f\u00f6rlaget n\u00e4r den kommer s\u00e5 mejla matts@storytellers.se s\u00e5 ger jag uppgifterna till f\u00f6rlaget. Priset \u00e4r d\u00e5 200 sek inkl&#8230;<\/p>\n","protected":false},"author":2,"featured_media":0,"comment_status":"open","ping_status":"closed","sticky":false,"template":"","format":"standard","meta":[],"categories":[9],"tags":[],"_links":{"self":[{"href":"https:\/\/storytellers.se\/index.php?rest_route=\/wp\/v2\/posts\/3260"}],"collection":[{"href":"https:\/\/storytellers.se\/index.php?rest_route=\/wp\/v2\/posts"}],"about":[{"href":"https:\/\/storytellers.se\/index.php?rest_route=\/wp\/v2\/types\/post"}],"author":[{"embeddable":true,"href":"https:\/\/storytellers.se\/index.php?rest_route=\/wp\/v2\/users\/2"}],"replies":[{"embeddable":true,"href":"https:\/\/storytellers.se\/index.php?rest_route=%2Fwp%2Fv2%2Fcomments&post=3260"}],"version-history":[{"count":0,"href":"https:\/\/storytellers.se\/index.php?rest_route=\/wp\/v2\/posts\/3260\/revisions"}],"wp:attachment":[{"href":"https:\/\/storytellers.se\/index.php?rest_route=%2Fwp%2Fv2%2Fmedia&parent=3260"}],"wp:term":[{"taxonomy":"category","embeddable":true,"href":"https:\/\/storytellers.se\/index.php?rest_route=%2Fwp%2Fv2%2Fcategories&post=3260"},{"taxonomy":"post_tag","embeddable":true,"href":"https:\/\/storytellers.se\/index.php?rest_route=%2Fwp%2Fv2%2Ftags&post=3260"}],"curies":[{"name":"wp","href":"https:\/\/api.w.org\/{rel}","templated":true}]}}