{"id":3256,"date":"2012-08-07T14:39:01","date_gmt":"2012-08-07T13:39:01","guid":{"rendered":"http:\/\/heijbel.wordpress.com\/2012\/08\/07\/seminarium-i-stockholm-2"},"modified":"2012-08-07T14:39:01","modified_gmt":"2012-08-07T13:39:01","slug":"seminarium-i-stockholm-2","status":"publish","type":"post","link":"https:\/\/storytellers.se\/?p=3256","title":{"rendered":"Seminarium i Stockholm"},"content":{"rendered":"<p>Den 4 september har jag h\u00f6stens f\u00f6rsta \u00f6ppna och kostnadsfria seminarium i v\u00e5rt konferensrum p\u00e5 <strong>Stockholms S\u00f6der<\/strong>. Vi h\u00e5ller till p\u00e5 <em>K22, Krukmakargatan 22<\/em>. Jag \u00e5terkommer med detaljerna n\u00e4r du anm\u00e4lt dig.<br \/>\nVi h\u00e5ller p\u00e5 mellan 09.30 prick och cirka 11 med m\u00f6jlighet till fr\u00e5gor och lite snack efter\u00e5t f\u00f6r den som vill. Jag bjuder p\u00e5 fika kaffe, och <em>g\u00f6r-det-sj\u00e4lv-macka<\/em>.<br \/>\nAnm\u00e4l dig bara om du \u00e4r s\u00e4ker p\u00e5 att verkligen komma s\u00e5 \u00e5terkommer jag med kod och detaljer. H\u00e4r anm\u00e4ler du med orden <em>4 september<\/em> <a href=\"mailto:matts@storytellers.se\">matts@storytellers.se<\/a>.<\/p>\n","protected":false},"excerpt":{"rendered":"<p>Den 4 september har jag h\u00f6stens f\u00f6rsta \u00f6ppna och kostnadsfria seminarium i v\u00e5rt konferensrum p\u00e5 Stockholms S\u00f6der. Vi h\u00e5ller till p\u00e5 K22, Krukmakargatan 22. Jag \u00e5terkommer med detaljerna n\u00e4r du anm\u00e4lt dig. Vi h\u00e5ller p\u00e5 mellan 09.30 prick och cirka 11 med m\u00f6jlighet till fr\u00e5gor och lite snack efter\u00e5t f\u00f6r den som vill. Jag bjuder&#8230;<\/p>\n","protected":false},"author":2,"featured_media":0,"comment_status":"open","ping_status":"closed","sticky":false,"template":"","format":"standard","meta":[],"categories":[9],"tags":[],"_links":{"self":[{"href":"https:\/\/storytellers.se\/index.php?rest_route=\/wp\/v2\/posts\/3256"}],"collection":[{"href":"https:\/\/storytellers.se\/index.php?rest_route=\/wp\/v2\/posts"}],"about":[{"href":"https:\/\/storytellers.se\/index.php?rest_route=\/wp\/v2\/types\/post"}],"author":[{"embeddable":true,"href":"https:\/\/storytellers.se\/index.php?rest_route=\/wp\/v2\/users\/2"}],"replies":[{"embeddable":true,"href":"https:\/\/storytellers.se\/index.php?rest_route=%2Fwp%2Fv2%2Fcomments&post=3256"}],"version-history":[{"count":0,"href":"https:\/\/storytellers.se\/index.php?rest_route=\/wp\/v2\/posts\/3256\/revisions"}],"wp:attachment":[{"href":"https:\/\/storytellers.se\/index.php?rest_route=%2Fwp%2Fv2%2Fmedia&parent=3256"}],"wp:term":[{"taxonomy":"category","embeddable":true,"href":"https:\/\/storytellers.se\/index.php?rest_route=%2Fwp%2Fv2%2Fcategories&post=3256"},{"taxonomy":"post_tag","embeddable":true,"href":"https:\/\/storytellers.se\/index.php?rest_route=%2Fwp%2Fv2%2Ftags&post=3256"}],"curies":[{"name":"wp","href":"https:\/\/api.w.org\/{rel}","templated":true}]}}