{"id":3250,"date":"2012-06-17T15:48:08","date_gmt":"2012-06-17T14:48:08","guid":{"rendered":"http:\/\/heijbel.wordpress.com\/2012\/06\/17\/beratta-sverige-in-i-framtiden"},"modified":"2012-06-17T15:48:08","modified_gmt":"2012-06-17T14:48:08","slug":"beratta-sverige-in-i-framtiden","status":"publish","type":"post","link":"https:\/\/storytellers.se\/?p=3250","title":{"rendered":"Ber\u00e4tta Sverige in i framtiden"},"content":{"rendered":"<p>Ofta n\u00e4r jag som <em>storyteller \/ storylistener \/ storybuilder<\/em> r\u00f6r mig i olika f\u00f6retag och organisationer m\u00e4rker jag att de jag m\u00f6ter blandar ihop f\u00f6rflutna hi-stories och kommande visions-stories.<br \/>\nBer\u00e4ttandet beh\u00f6ver f\u00f6rst\u00e5s inte tilldra sig i det f\u00f6rflutna. Vi beh\u00f6ver dela mantraliknande ber\u00e4ttelser f\u00f6r att komma vidare. L\u00e5t det f\u00f6rflutna vara f\u00f6rflutet tala om framtiden.<br \/>\nUtan ber\u00e4ttelser finns vi m\u00e4nniskor inte. Och utan visionsber\u00e4ttelser om framtiden utvecklas vi inte som m\u00e4nniskor och organisationer. Vi beh\u00f6ver ber\u00e4ttelser.<br \/>\nSen jag b\u00f6rjade med detta f\u00f6r ett tiotal \u00e5r sedan har jag \u00e5r f\u00f6r \u00e5r m\u00e4rkt att&#8230;<\/p>\n<p><!--more--><br \/>\n&#8230;begreppet ber\u00e4ttelse dykt upp allt oftare.<br \/>\nBer\u00e4ttelsen om Sverige. Politikber\u00e4ttelsen. Ber\u00e4ttelsen om dig och mig som individer och vad vi, du och jag, h\u00e5ller p\u00e5 med. Var kommer vi ifr\u00e5n och var befinner vi oss och vart \u00e4r vi p\u00e5 v\u00e4g?<br \/>\nPropagandamannen <strong>Per Schlingmann<\/strong> talar ocks\u00e5 om ber\u00e4ttelsen. Ta bort Jante som s\u00e4ger att vi inte \u00e4r n\u00e5got och inte kan n\u00e5got, pl\u00e4derar han. Sl\u00e5 ist\u00e4llet fast att vi \u00e4r innovativa individualister vi som delar det h\u00e4r landet i dag, vill han p\u00e5st\u00e5.<br \/>\nVi \u00e4r landet som f\u00f6dde exempelvis <em>Ikea, Skype, Spotify<\/em> och <em>Acne<\/em>. Det \u00e4r ber\u00e4ttelser om Sverige. Men det \u00e4r ocks\u00e5 innovativa ber\u00e4ttelser om bem\u00f6tande i v\u00e5rd och omsorg.<br \/>\nVi \u00e4r j\u00e4mlika, progressiva och vi beh\u00f6ver inte b\u00f6ja oss f\u00f6r n\u00e5gon Jante.<br \/>\nS\u00e5 kan vi ber\u00e4tta oss in iframtiden. Det \u00e4r vad man g\u00f6r med strategisk Corporate Storytelling. Man v\u00e4ljer ber\u00e4ttelser som talar om nuet och framtiden baserat p\u00e5 det som faktiskt sker &#8211; h\u00e4r och nu!<br \/>\nDen politik som har den tydligaste och mest lovande ber\u00e4ttelsen f\u00e5r r\u00f6sterna och vinner.<\/p>\n","protected":false},"excerpt":{"rendered":"<p>Ofta n\u00e4r jag som storyteller \/ storylistener \/ storybuilder r\u00f6r mig i olika f\u00f6retag och organisationer m\u00e4rker jag att de jag m\u00f6ter blandar ihop f\u00f6rflutna hi-stories och kommande visions-stories. Ber\u00e4ttandet beh\u00f6ver f\u00f6rst\u00e5s inte tilldra sig i det f\u00f6rflutna. Vi beh\u00f6ver dela mantraliknande ber\u00e4ttelser f\u00f6r att komma vidare. L\u00e5t det f\u00f6rflutna vara f\u00f6rflutet tala om framtiden&#8230;.<\/p>\n","protected":false},"author":2,"featured_media":0,"comment_status":"open","ping_status":"closed","sticky":false,"template":"","format":"standard","meta":[],"categories":[2],"tags":[],"_links":{"self":[{"href":"https:\/\/storytellers.se\/index.php?rest_route=\/wp\/v2\/posts\/3250"}],"collection":[{"href":"https:\/\/storytellers.se\/index.php?rest_route=\/wp\/v2\/posts"}],"about":[{"href":"https:\/\/storytellers.se\/index.php?rest_route=\/wp\/v2\/types\/post"}],"author":[{"embeddable":true,"href":"https:\/\/storytellers.se\/index.php?rest_route=\/wp\/v2\/users\/2"}],"replies":[{"embeddable":true,"href":"https:\/\/storytellers.se\/index.php?rest_route=%2Fwp%2Fv2%2Fcomments&post=3250"}],"version-history":[{"count":0,"href":"https:\/\/storytellers.se\/index.php?rest_route=\/wp\/v2\/posts\/3250\/revisions"}],"wp:attachment":[{"href":"https:\/\/storytellers.se\/index.php?rest_route=%2Fwp%2Fv2%2Fmedia&parent=3250"}],"wp:term":[{"taxonomy":"category","embeddable":true,"href":"https:\/\/storytellers.se\/index.php?rest_route=%2Fwp%2Fv2%2Fcategories&post=3250"},{"taxonomy":"post_tag","embeddable":true,"href":"https:\/\/storytellers.se\/index.php?rest_route=%2Fwp%2Fv2%2Ftags&post=3250"}],"curies":[{"name":"wp","href":"https:\/\/api.w.org\/{rel}","templated":true}]}}