{"id":3248,"date":"2012-06-16T10:03:16","date_gmt":"2012-06-16T09:03:16","guid":{"rendered":"http:\/\/heijbel.wordpress.com\/2012\/06\/16\/gransbrytarfolklore-i-europa"},"modified":"2012-06-16T10:03:16","modified_gmt":"2012-06-16T09:03:16","slug":"gransbrytarfolklore-i-europa","status":"publish","type":"post","link":"https:\/\/storytellers.se\/?p=3248","title":{"rendered":"Gr\u00e4nsbrytarfolklore i Europa"},"content":{"rendered":"<p>I veckan var jag i Portugal och tr\u00e4ffade m\u00e4nniskor fr\u00e5n ett 25-tal l\u00e4nder som \u00e4r involverade i projekt som str\u00e4cker sig \u00f6ver lands- och regiongr\u00e4nser. Inom EU finns n\u00e4rmare 70 s\u00e5dana program. Det kan vara mjuka samarbeten, kulturutbyten, s\u00e4kerhetsfr\u00e5gor och organisering av h\u00e4lso- och sjukv\u00e5rd.<br \/>\nMan \u00f6ppnar f\u00e4rjelinjer \u00f6ver floder d\u00e4r folk ser varandra men talar olika spr\u00e5k och av historiska sk\u00e4l inte umg\u00e5s. Det kan vara samarbeten f\u00f6r att gemensamt bek\u00e4mpa Sydeuropas skogseldar eller s\u00e5 kan det vara gr\u00e4ns\u00f6verskridande projekt runt Medelhavet eller \u00d6stersj\u00f6n. Det kan handla om nationalparker som inte n\u00f6dv\u00e4ndigtvis f\u00f6ljer nationsgr\u00e4nserna mellan tv\u00e5 eller flera l\u00e4nder.<br \/>\nDessa gr\u00e4nsbrytarm\u00e4nniskor lever i en regelstyrd ans\u00f6kar- och rapportkultur. Ibland talar de till och med m\u00e4rkligt nog om sig sj\u00e4lva som projekt. Men de <em><strong>\u00e4r inga projekt de \u00e4r vanliga m\u00e4nniskor med k\u00e4nslor<\/strong><\/em> som \u00e4r involverade i det europeiska fredsarbetet.<br \/>\nS\u00e5 vi s\u00f6kte, sk\u00f6rdade och delade befolkade gr\u00e4nsbrytarber\u00e4ttelser som p\u00e5g\u00e5r i Europa. Storytelling inom EU-systemet allts\u00e5. Snart ska vi vidare in i de olika \u00d6stersj\u00f6l\u00e4ndernas samarbeten och s\u00f6ka ber\u00e4ttelser fr\u00e5n v\u00e5ra str\u00e4nder runt v\u00e5rt innanhav \u00d6stersj\u00f6n.<br \/>\nEU beh\u00f6ver ber\u00e4tta f\u00f6r att f\u00e5 legitimitet och f\u00f6r att vi ska f\u00f6rst\u00e5 vad de inblandade egentligen h\u00e5ller p\u00e5 med.<br \/>\nDe som s\u00f6ker ekonomiskt st\u00f6d beh\u00f6ver ber\u00e4ttelser, de som fattar beslut om ans\u00f6kningarna beh\u00f6ver dela dessa ber\u00e4ttelser och politiker och beslutsfattare i den europeiska politiska systemet och i de nationella parlamenten beh\u00f6ver ber\u00e4ttelser.<br \/>\nDet kan man ta i tu med via strategisk storylistening, storytelling, storysharing och storyselling.<\/p>\n","protected":false},"excerpt":{"rendered":"<p>I veckan var jag i Portugal och tr\u00e4ffade m\u00e4nniskor fr\u00e5n ett 25-tal l\u00e4nder som \u00e4r involverade i projekt som str\u00e4cker sig \u00f6ver lands- och regiongr\u00e4nser. Inom EU finns n\u00e4rmare 70 s\u00e5dana program. Det kan vara mjuka samarbeten, kulturutbyten, s\u00e4kerhetsfr\u00e5gor och organisering av h\u00e4lso- och sjukv\u00e5rd. Man \u00f6ppnar f\u00e4rjelinjer \u00f6ver floder d\u00e4r folk ser varandra men&#8230;<\/p>\n","protected":false},"author":2,"featured_media":0,"comment_status":"open","ping_status":"closed","sticky":false,"template":"","format":"standard","meta":[],"categories":[4],"tags":[],"_links":{"self":[{"href":"https:\/\/storytellers.se\/index.php?rest_route=\/wp\/v2\/posts\/3248"}],"collection":[{"href":"https:\/\/storytellers.se\/index.php?rest_route=\/wp\/v2\/posts"}],"about":[{"href":"https:\/\/storytellers.se\/index.php?rest_route=\/wp\/v2\/types\/post"}],"author":[{"embeddable":true,"href":"https:\/\/storytellers.se\/index.php?rest_route=\/wp\/v2\/users\/2"}],"replies":[{"embeddable":true,"href":"https:\/\/storytellers.se\/index.php?rest_route=%2Fwp%2Fv2%2Fcomments&post=3248"}],"version-history":[{"count":0,"href":"https:\/\/storytellers.se\/index.php?rest_route=\/wp\/v2\/posts\/3248\/revisions"}],"wp:attachment":[{"href":"https:\/\/storytellers.se\/index.php?rest_route=%2Fwp%2Fv2%2Fmedia&parent=3248"}],"wp:term":[{"taxonomy":"category","embeddable":true,"href":"https:\/\/storytellers.se\/index.php?rest_route=%2Fwp%2Fv2%2Fcategories&post=3248"},{"taxonomy":"post_tag","embeddable":true,"href":"https:\/\/storytellers.se\/index.php?rest_route=%2Fwp%2Fv2%2Ftags&post=3248"}],"curies":[{"name":"wp","href":"https:\/\/api.w.org\/{rel}","templated":true}]}}