{"id":3246,"date":"2012-06-15T14:27:07","date_gmt":"2012-06-15T13:27:07","guid":{"rendered":"http:\/\/heijbel.wordpress.com\/2012\/06\/15\/till-orebro-5-september"},"modified":"2012-06-15T14:27:07","modified_gmt":"2012-06-15T13:27:07","slug":"till-orebro-5-september","status":"publish","type":"post","link":"https:\/\/storytellers.se\/?p=3246","title":{"rendered":"Till \u00d6rebro 5 september"},"content":{"rendered":"<p>Den 5 september kommer jag till <strong>\u00d6rebro<\/strong> f\u00f6r att i samarbete med <em>Spiran kompetensutveckling<\/em> h\u00e5lla seminariet <em><strong>Jobb med mening &#8211; Corporate Storytelling<\/strong><\/em>. Dagen v\u00e4nder sig till verksamhetsansvariga och personalansvariga inom \u00e4ldrev\u00e5rd och omsorg inom kommuner och landsting. L\u00e4s mer <a href=\"http:\/\/www.spiran.se\/kurs\/138_jobb_med_mening.html\">h\u00e4r<\/a>.<\/p>\n","protected":false},"excerpt":{"rendered":"<p>Den 5 september kommer jag till \u00d6rebro f\u00f6r att i samarbete med Spiran kompetensutveckling h\u00e5lla seminariet Jobb med mening &#8211; Corporate Storytelling. Dagen v\u00e4nder sig till verksamhetsansvariga och personalansvariga inom \u00e4ldrev\u00e5rd och omsorg inom kommuner och landsting. L\u00e4s mer h\u00e4r.<\/p>\n","protected":false},"author":2,"featured_media":0,"comment_status":"open","ping_status":"closed","sticky":false,"template":"","format":"standard","meta":[],"categories":[9],"tags":[],"_links":{"self":[{"href":"https:\/\/storytellers.se\/index.php?rest_route=\/wp\/v2\/posts\/3246"}],"collection":[{"href":"https:\/\/storytellers.se\/index.php?rest_route=\/wp\/v2\/posts"}],"about":[{"href":"https:\/\/storytellers.se\/index.php?rest_route=\/wp\/v2\/types\/post"}],"author":[{"embeddable":true,"href":"https:\/\/storytellers.se\/index.php?rest_route=\/wp\/v2\/users\/2"}],"replies":[{"embeddable":true,"href":"https:\/\/storytellers.se\/index.php?rest_route=%2Fwp%2Fv2%2Fcomments&post=3246"}],"version-history":[{"count":0,"href":"https:\/\/storytellers.se\/index.php?rest_route=\/wp\/v2\/posts\/3246\/revisions"}],"wp:attachment":[{"href":"https:\/\/storytellers.se\/index.php?rest_route=%2Fwp%2Fv2%2Fmedia&parent=3246"}],"wp:term":[{"taxonomy":"category","embeddable":true,"href":"https:\/\/storytellers.se\/index.php?rest_route=%2Fwp%2Fv2%2Fcategories&post=3246"},{"taxonomy":"post_tag","embeddable":true,"href":"https:\/\/storytellers.se\/index.php?rest_route=%2Fwp%2Fv2%2Ftags&post=3246"}],"curies":[{"name":"wp","href":"https:\/\/api.w.org\/{rel}","templated":true}]}}