{"id":3240,"date":"2012-06-07T15:00:42","date_gmt":"2012-06-07T14:00:42","guid":{"rendered":"http:\/\/heijbel.wordpress.com\/2012\/06\/07\/vem-ager-berattelsen"},"modified":"2012-06-07T15:00:42","modified_gmt":"2012-06-07T14:00:42","slug":"vem-ager-berattelsen","status":"publish","type":"post","link":"https:\/\/storytellers.se\/?p=3240","title":{"rendered":"Vem \u00e4ger ber\u00e4ttelsen"},"content":{"rendered":"<p>N\u00e4r jag en g\u00e5ng startade <em>Journalistgruppen<\/em> och arbetade som journalistl\u00e4rare p\u00e5 <em>Journalisth\u00f6gskolan<\/em> i Stockholm s\u00e5 var det sj\u00e4lvklart att journalistskr\u00e5et hade snudd p\u00e5 monopol n\u00e4r det g\u00e4llde ber\u00e4ttelsen om samh\u00e4llet och arbetslivet.<br \/>\nSen kom pr-byr\u00e5erna och tog allt mer plats medan mediehusen hade sv\u00e5rt att finna sig i webbrevolution och sviktande f\u00f6rs\u00e4ljning av papperstidningarna.<br \/>\nSen kom hela den sociala-webb-revolutionen med miljontals bloggar och som gr\u00e4dde p\u00e5 moset b\u00f6rjar ocks\u00e5 organisationerna nu sj\u00e4lva att lyssna, sk\u00f6rda och s\u00e4tta sin egen f\u00f6retagsfolkore i arbete. D\u00e5 talar vi om <em>Corporate Storytelling<\/em>.<br \/>\nT\u00e4nk strategiskt och tala sanning s\u00e5 har organisationsber\u00e4ttelsen allt st\u00f6rre m\u00f6jlighet att g\u00f6ra sig h\u00f6rd.<\/p>\n","protected":false},"excerpt":{"rendered":"<p>N\u00e4r jag en g\u00e5ng startade Journalistgruppen och arbetade som journalistl\u00e4rare p\u00e5 Journalisth\u00f6gskolan i Stockholm s\u00e5 var det sj\u00e4lvklart att journalistskr\u00e5et hade snudd p\u00e5 monopol n\u00e4r det g\u00e4llde ber\u00e4ttelsen om samh\u00e4llet och arbetslivet. Sen kom pr-byr\u00e5erna och tog allt mer plats medan mediehusen hade sv\u00e5rt att finna sig i webbrevolution och sviktande f\u00f6rs\u00e4ljning av papperstidningarna. Sen&#8230;<\/p>\n","protected":false},"author":2,"featured_media":0,"comment_status":"open","ping_status":"closed","sticky":false,"template":"","format":"standard","meta":[],"categories":[2],"tags":[],"_links":{"self":[{"href":"https:\/\/storytellers.se\/index.php?rest_route=\/wp\/v2\/posts\/3240"}],"collection":[{"href":"https:\/\/storytellers.se\/index.php?rest_route=\/wp\/v2\/posts"}],"about":[{"href":"https:\/\/storytellers.se\/index.php?rest_route=\/wp\/v2\/types\/post"}],"author":[{"embeddable":true,"href":"https:\/\/storytellers.se\/index.php?rest_route=\/wp\/v2\/users\/2"}],"replies":[{"embeddable":true,"href":"https:\/\/storytellers.se\/index.php?rest_route=%2Fwp%2Fv2%2Fcomments&post=3240"}],"version-history":[{"count":0,"href":"https:\/\/storytellers.se\/index.php?rest_route=\/wp\/v2\/posts\/3240\/revisions"}],"wp:attachment":[{"href":"https:\/\/storytellers.se\/index.php?rest_route=%2Fwp%2Fv2%2Fmedia&parent=3240"}],"wp:term":[{"taxonomy":"category","embeddable":true,"href":"https:\/\/storytellers.se\/index.php?rest_route=%2Fwp%2Fv2%2Fcategories&post=3240"},{"taxonomy":"post_tag","embeddable":true,"href":"https:\/\/storytellers.se\/index.php?rest_route=%2Fwp%2Fv2%2Ftags&post=3240"}],"curies":[{"name":"wp","href":"https:\/\/api.w.org\/{rel}","templated":true}]}}