{"id":3234,"date":"2012-05-18T12:24:18","date_gmt":"2012-05-18T11:24:18","guid":{"rendered":"http:\/\/heijbel.wordpress.com\/2012\/05\/18\/vad-ska-man-tanka-pa"},"modified":"2012-05-18T12:24:18","modified_gmt":"2012-05-18T11:24:18","slug":"vad-ska-man-tanka-pa","status":"publish","type":"post","link":"https:\/\/storytellers.se\/?p=3234","title":{"rendered":"Vad ska man t\u00e4nka p\u00e5?"},"content":{"rendered":"<p><strong>Fr\u00e5ga:<\/strong><br \/>\nNu har vi l\u00e4st din bok, h\u00f6rt dina seminarier och ska b\u00f6rja sk\u00f6rda ber\u00e4ttelser sj\u00e4lva i v\u00e5r organisation. Vi \u00e4r 8 regioner och hoppas kunna f\u00e5 ber\u00e4ttelser fr\u00e5n alla dessa som vi sen ska samla till en egen storyrepertoar att anv\u00e4nda f\u00f6r att bli framg\u00e5ngsrika i v\u00e5r verksamhet.<br \/>\n<strong>Svar:<\/strong><br \/>\nDet f\u00f6rsta och viktigaste \u00e4r att lyssna. Den som leder tr\u00e4ffarna d\u00e4r ni ska s\u00f6ka och sk\u00f6rda ber\u00e4ttelser kan b\u00f6rja med att ge exempel p\u00e5 hur det kan l\u00e5ta. Finns i min bok och om ni har filmat n\u00e5gon eller n\u00e5gra redan i den inledande fasen s\u00e5 kan de anv\u00e4ndas f\u00f6r att&#8230;<\/p>\n<p><!--more--><br \/>\n&#8230;inspirera och b\u00e4dda f\u00f6r fr\u00e5gan:<br \/>\n<em>Har vi n\u00e5gra s\u00e5dana ber\u00e4ttelser h\u00e4r ocks\u00e5?<\/em><br \/>\nAlla kan ber\u00e4tta. Det g\u00e4ller bara att komma p\u00e5 att vi \u00e4r omgivna av sanna ber\u00e4ttelser om v\u00e5rt f\u00f6retag eller v\u00e5r organisation. Ber\u00e4ttelser av och om medarbetare, av och om kunder eller brukare. Ber\u00e4ttelser om n\u00e4r vi gjorde det &#8221;lilla extra&#8221; eller n\u00e4r vi l\u00e4rde oss n\u00e5got viktigt. Ber\u00e4ttelser om misstag och ber\u00e4ttelsen som bekr\u00e4ftar nyttan med att vi finns.<br \/>\n\u2022 Undvik f\u00f6r mycket siffror och fakta.<br \/>\n\u2022 F\u00f6rs\u00f6k att hitta den avg\u00f6rande h\u00e4ndelsen ( <em>magic moment<\/em> ).<br \/>\n\u2022 Befolka. En ber\u00e4ttelse bygger alltid p\u00e5 m\u00e4nskliga m\u00f6ten.<br \/>\n\u2022 F\u00f6rs\u00f6k att hitta det dramaturgiska klimax d\u00e4r det h\u00e4nder n\u00e5got. D\u00e4r det finns ett f\u00f6re och efter. D\u00e4r vi l\u00e4rde oss n\u00e5got viktigt.<br \/>\n\u2022 Var f\u00f6rsiktig med f\u00f6rspel som du tycker att du m\u00e5ste ber\u00e4tta <em>innan<\/em> du kommer till sj\u00e4lva storyn.<br \/>\n\u2022 S\u00e5 h\u00e4r kan man b\u00f6rja: En dag ringde telefonen&#8230; Eller jag fick ett mejl&#8230; Eller pl\u00f6tsligt kom en kvinna inrusande till v\u00e5r kundtj\u00e4nst&#8230; Eller han hade l\u00e4nge g\u00e5tt runt i butiken innan han kom fram till mig&#8230; Eller lille Sebastian hade varit tyst hela morgonen&#8230;<br \/>\n\u2022 Ber\u00e4tta i bilder. Hur s\u00e5g det ut p\u00e5 platsen? Hur var han kl\u00e4dd? Hur l\u00e4t det?<br \/>\n\u2022 Tala sanning men beh\u00e5ll r\u00e4tten att m\u00e5la \u00e4ven om du inte varit d\u00e4r.<\/p>\n","protected":false},"excerpt":{"rendered":"<p>Fr\u00e5ga: Nu har vi l\u00e4st din bok, h\u00f6rt dina seminarier och ska b\u00f6rja sk\u00f6rda ber\u00e4ttelser sj\u00e4lva i v\u00e5r organisation. Vi \u00e4r 8 regioner och hoppas kunna f\u00e5 ber\u00e4ttelser fr\u00e5n alla dessa som vi sen ska samla till en egen storyrepertoar att anv\u00e4nda f\u00f6r att bli framg\u00e5ngsrika i v\u00e5r verksamhet. Svar: Det f\u00f6rsta och viktigaste \u00e4r&#8230;<\/p>\n","protected":false},"author":2,"featured_media":0,"comment_status":"open","ping_status":"closed","sticky":false,"template":"","format":"standard","meta":[],"categories":[6],"tags":[],"_links":{"self":[{"href":"https:\/\/storytellers.se\/index.php?rest_route=\/wp\/v2\/posts\/3234"}],"collection":[{"href":"https:\/\/storytellers.se\/index.php?rest_route=\/wp\/v2\/posts"}],"about":[{"href":"https:\/\/storytellers.se\/index.php?rest_route=\/wp\/v2\/types\/post"}],"author":[{"embeddable":true,"href":"https:\/\/storytellers.se\/index.php?rest_route=\/wp\/v2\/users\/2"}],"replies":[{"embeddable":true,"href":"https:\/\/storytellers.se\/index.php?rest_route=%2Fwp%2Fv2%2Fcomments&post=3234"}],"version-history":[{"count":0,"href":"https:\/\/storytellers.se\/index.php?rest_route=\/wp\/v2\/posts\/3234\/revisions"}],"wp:attachment":[{"href":"https:\/\/storytellers.se\/index.php?rest_route=%2Fwp%2Fv2%2Fmedia&parent=3234"}],"wp:term":[{"taxonomy":"category","embeddable":true,"href":"https:\/\/storytellers.se\/index.php?rest_route=%2Fwp%2Fv2%2Fcategories&post=3234"},{"taxonomy":"post_tag","embeddable":true,"href":"https:\/\/storytellers.se\/index.php?rest_route=%2Fwp%2Fv2%2Ftags&post=3234"}],"curies":[{"name":"wp","href":"https:\/\/api.w.org\/{rel}","templated":true}]}}