{"id":3232,"date":"2012-05-15T21:11:55","date_gmt":"2012-05-15T20:11:55","guid":{"rendered":"http:\/\/heijbel.wordpress.com\/2012\/05\/15\/narmare-80-i-goteborg"},"modified":"2012-05-15T21:11:55","modified_gmt":"2012-05-15T20:11:55","slug":"narmare-80-i-goteborg","status":"publish","type":"post","link":"https:\/\/storytellers.se\/?p=3232","title":{"rendered":"N\u00e4rmare 80 i G\u00f6teborg"},"content":{"rendered":"<p>I dag h\u00f6ll jag f\u00f6rst en f\u00f6rel\u00e4sning hos PR-byr\u00e5n <a href=\"http:\/\/www.plyhm.se\/blog\/\">Plyhm<\/a> och sedan en efter kontorstid hos <a href=\"http:\/\/www.stendahls.se\/blog\/storytelling\/\">Stendahls<\/a> kommunikationsbyr\u00e5 i G\u00f6teborg. Det var en bred grupp m\u00e4nniskor som kom alltifr\u00e5n universitet, kommuner, region, <em>Volvo Cars<\/em> och <em>Volvo Trucks<\/em>. Sen var det fr\u00e5n butiker, konsultbyr\u00e5er, museer, teatrar och olika former av inkubator- och innovationsorganisationer.<br \/>\nAlla har de ber\u00e4ttelser. Alla kan de s\u00f6ka, finna och sk\u00f6rda  dessa. Det var vad jag sa och det var vad vi diskuterade i slutfaserna av  mina f\u00f6rel\u00e4sningar. N\u00e4r jag kommer s\u00e5 h\u00e4r och tr\u00e4ffar breda grupper inser jag att vi bara \u00e4r i b\u00f6rjan. Jag tror att det om n\u00e5gra \u00e5r kommer att finnas kulturchefer och kulturansvariga i alla f\u00f6retag och organisationer. De kommer att ha ansvar f\u00f6r att ta vara p\u00e5 kulturkapitalet i form av organisationens ber\u00e4ttelser och se till att de blir anv\u00e4nda i organisationsutveckling, rekrytering, s\u00e4lj och ledarskap.<\/p>\n","protected":false},"excerpt":{"rendered":"<p>I dag h\u00f6ll jag f\u00f6rst en f\u00f6rel\u00e4sning hos PR-byr\u00e5n Plyhm och sedan en efter kontorstid hos Stendahls kommunikationsbyr\u00e5 i G\u00f6teborg. Det var en bred grupp m\u00e4nniskor som kom alltifr\u00e5n universitet, kommuner, region, Volvo Cars och Volvo Trucks. Sen var det fr\u00e5n butiker, konsultbyr\u00e5er, museer, teatrar och olika former av inkubator- och innovationsorganisationer. Alla har de&#8230;<\/p>\n","protected":false},"author":2,"featured_media":0,"comment_status":"open","ping_status":"closed","sticky":false,"template":"","format":"standard","meta":[],"categories":[2],"tags":[],"_links":{"self":[{"href":"https:\/\/storytellers.se\/index.php?rest_route=\/wp\/v2\/posts\/3232"}],"collection":[{"href":"https:\/\/storytellers.se\/index.php?rest_route=\/wp\/v2\/posts"}],"about":[{"href":"https:\/\/storytellers.se\/index.php?rest_route=\/wp\/v2\/types\/post"}],"author":[{"embeddable":true,"href":"https:\/\/storytellers.se\/index.php?rest_route=\/wp\/v2\/users\/2"}],"replies":[{"embeddable":true,"href":"https:\/\/storytellers.se\/index.php?rest_route=%2Fwp%2Fv2%2Fcomments&post=3232"}],"version-history":[{"count":0,"href":"https:\/\/storytellers.se\/index.php?rest_route=\/wp\/v2\/posts\/3232\/revisions"}],"wp:attachment":[{"href":"https:\/\/storytellers.se\/index.php?rest_route=%2Fwp%2Fv2%2Fmedia&parent=3232"}],"wp:term":[{"taxonomy":"category","embeddable":true,"href":"https:\/\/storytellers.se\/index.php?rest_route=%2Fwp%2Fv2%2Fcategories&post=3232"},{"taxonomy":"post_tag","embeddable":true,"href":"https:\/\/storytellers.se\/index.php?rest_route=%2Fwp%2Fv2%2Ftags&post=3232"}],"curies":[{"name":"wp","href":"https:\/\/api.w.org\/{rel}","templated":true}]}}