{"id":3230,"date":"2012-05-12T10:03:52","date_gmt":"2012-05-12T09:03:52","guid":{"rendered":"http:\/\/heijbel.wordpress.com\/2012\/05\/12\/nagra-goteborgsplatser-kvar-pa-tisdag"},"modified":"2012-05-12T10:03:52","modified_gmt":"2012-05-12T09:03:52","slug":"nagra-goteborgsplatser-kvar-pa-tisdag","status":"publish","type":"post","link":"https:\/\/storytellers.se\/?p=3230","title":{"rendered":"N\u00e5gra G\u00f6teborgsplatser kvar p\u00e5 tisdag"},"content":{"rendered":"<p>P\u00e5 tisdag kommer jag till <em>G\u00f6teborg<\/em> och till <strong>Stendahls<\/strong> d\u00e4r jag ger en gratisf\u00f6rel\u00e4sning i samr\u00e5d med Stendahls kommunikationsbyr\u00e5.<br \/>\nDu \u00e4r v\u00e4lkommen p\u00e5 tisdag mellan om du vill 17-18.45 till Vasagatan 7.<br \/>\nStendahls bjuder p\u00e5 f\u00f6rfriskningar. Sj\u00e4lva f\u00f6rel\u00e4sningen b\u00f6rjar 17.30. Det finns tid till fr\u00e5gor och diskussioner.<br \/>\nJag kommer att ber\u00e4tta om mina erfarenheter som Corporate Storyteller \/ Storylistener med m\u00e5nga exempel i ord och film. Garanterat power point-fritt.<br \/>\nVill du komma som min g\u00e4st <em><strong>m\u00e5ste<\/strong><\/em> du anm\u00e4la dig h\u00e4r <a href=\"mailto:matts@storytellers.se\">matts@storytellers.se<\/a><br \/>\nS\u00e5 h\u00e4r beskriver Stendahls det hela: <a href=\"http:\/\/www.stendahls.se\/blog\/kvall-storytelling\/\">storytellingseminarium.<\/a><\/p>\n","protected":false},"excerpt":{"rendered":"<p>P\u00e5 tisdag kommer jag till G\u00f6teborg och till Stendahls d\u00e4r jag ger en gratisf\u00f6rel\u00e4sning i samr\u00e5d med Stendahls kommunikationsbyr\u00e5. Du \u00e4r v\u00e4lkommen p\u00e5 tisdag mellan om du vill 17-18.45 till Vasagatan 7. Stendahls bjuder p\u00e5 f\u00f6rfriskningar. Sj\u00e4lva f\u00f6rel\u00e4sningen b\u00f6rjar 17.30. Det finns tid till fr\u00e5gor och diskussioner. Jag kommer att ber\u00e4tta om mina erfarenheter som&#8230;<\/p>\n","protected":false},"author":2,"featured_media":0,"comment_status":"open","ping_status":"closed","sticky":false,"template":"","format":"standard","meta":[],"categories":[9],"tags":[],"_links":{"self":[{"href":"https:\/\/storytellers.se\/index.php?rest_route=\/wp\/v2\/posts\/3230"}],"collection":[{"href":"https:\/\/storytellers.se\/index.php?rest_route=\/wp\/v2\/posts"}],"about":[{"href":"https:\/\/storytellers.se\/index.php?rest_route=\/wp\/v2\/types\/post"}],"author":[{"embeddable":true,"href":"https:\/\/storytellers.se\/index.php?rest_route=\/wp\/v2\/users\/2"}],"replies":[{"embeddable":true,"href":"https:\/\/storytellers.se\/index.php?rest_route=%2Fwp%2Fv2%2Fcomments&post=3230"}],"version-history":[{"count":0,"href":"https:\/\/storytellers.se\/index.php?rest_route=\/wp\/v2\/posts\/3230\/revisions"}],"wp:attachment":[{"href":"https:\/\/storytellers.se\/index.php?rest_route=%2Fwp%2Fv2%2Fmedia&parent=3230"}],"wp:term":[{"taxonomy":"category","embeddable":true,"href":"https:\/\/storytellers.se\/index.php?rest_route=%2Fwp%2Fv2%2Fcategories&post=3230"},{"taxonomy":"post_tag","embeddable":true,"href":"https:\/\/storytellers.se\/index.php?rest_route=%2Fwp%2Fv2%2Ftags&post=3230"}],"curies":[{"name":"wp","href":"https:\/\/api.w.org\/{rel}","templated":true}]}}