{"id":3228,"date":"2012-05-10T19:35:40","date_gmt":"2012-05-10T18:35:40","guid":{"rendered":"http:\/\/heijbel.wordpress.com\/2012\/05\/10\/rapport-fran-malmo"},"modified":"2012-05-10T19:35:40","modified_gmt":"2012-05-10T18:35:40","slug":"rapport-fran-malmo","status":"publish","type":"post","link":"https:\/\/storytellers.se\/?p=3228","title":{"rendered":"Rapport fr\u00e5n Malm\u00f6"},"content":{"rendered":"<p>N\u00e4r jag var i Malm\u00f6 nyligen s\u00e5 var ocks\u00e5 Damjournalen <a href=\"http:\/\/www.damjournalen.se\/mr-corporate-storyteller\/\">d\u00e4r.<\/a><\/p>\n","protected":false},"excerpt":{"rendered":"<p>N\u00e4r jag var i Malm\u00f6 nyligen s\u00e5 var ocks\u00e5 Damjournalen d\u00e4r.<\/p>\n","protected":false},"author":2,"featured_media":0,"comment_status":"open","ping_status":"closed","sticky":false,"template":"","format":"standard","meta":[],"categories":[3],"tags":[],"_links":{"self":[{"href":"https:\/\/storytellers.se\/index.php?rest_route=\/wp\/v2\/posts\/3228"}],"collection":[{"href":"https:\/\/storytellers.se\/index.php?rest_route=\/wp\/v2\/posts"}],"about":[{"href":"https:\/\/storytellers.se\/index.php?rest_route=\/wp\/v2\/types\/post"}],"author":[{"embeddable":true,"href":"https:\/\/storytellers.se\/index.php?rest_route=\/wp\/v2\/users\/2"}],"replies":[{"embeddable":true,"href":"https:\/\/storytellers.se\/index.php?rest_route=%2Fwp%2Fv2%2Fcomments&post=3228"}],"version-history":[{"count":0,"href":"https:\/\/storytellers.se\/index.php?rest_route=\/wp\/v2\/posts\/3228\/revisions"}],"wp:attachment":[{"href":"https:\/\/storytellers.se\/index.php?rest_route=%2Fwp%2Fv2%2Fmedia&parent=3228"}],"wp:term":[{"taxonomy":"category","embeddable":true,"href":"https:\/\/storytellers.se\/index.php?rest_route=%2Fwp%2Fv2%2Fcategories&post=3228"},{"taxonomy":"post_tag","embeddable":true,"href":"https:\/\/storytellers.se\/index.php?rest_route=%2Fwp%2Fv2%2Ftags&post=3228"}],"curies":[{"name":"wp","href":"https:\/\/api.w.org\/{rel}","templated":true}]}}