{"id":3226,"date":"2012-05-09T20:27:05","date_gmt":"2012-05-09T19:27:05","guid":{"rendered":"http:\/\/heijbel.wordpress.com\/2012\/05\/09\/kan-man-alska-ett-landsting"},"modified":"2012-05-09T20:27:05","modified_gmt":"2012-05-09T19:27:05","slug":"kan-man-alska-ett-landsting","status":"publish","type":"post","link":"https:\/\/storytellers.se\/?p=3226","title":{"rendered":"Kan man \u00e4lska ett landsting?"},"content":{"rendered":"<p>Om man ska \u00e4lska ett landsting s\u00e5 m\u00e5ste nog landstinget ber\u00e4tta lite om varifr\u00e5n man kommer, var man befinner sig och vart man \u00e4r p\u00e5 v\u00e4g. Eller kanske helst finna anekdotiska exempel fr\u00e5n <strong>d\u00e5et, nuet och den kommande framtiden<\/strong>. Allts\u00e5 enskilda m\u00e4nskliga m\u00f6ten som bekr\u00e4ftar behovet av landstinget.<br \/>\nI dag har jag haft en hel dag f\u00f6rst med alla chefer i <em>J\u00e4mtlands l\u00e4ns landsting<\/em> sen har vi ocks\u00e5 under eftermiddagen hunnit med en workshop med kommunikat\u00f6rerna om hur de ska kunna arbeta vidare med storytelling i en s\u00e5dan organisation som dessutom har en h\u00e5rt pressad budget.<br \/>\nJ\u00e4mtland \u00e4r st\u00f6rre \u00e4n Danmark men har inte mer \u00e4n cirka 127.000 inv\u00e5nare. Landstinget har l\u00e5nga avst\u00e5nd men ligger \u00e4nd\u00e5 i en svensk toppliga n\u00e4r det g\u00e4ller att ta hand om strokepatienter n\u00e4r man v\u00e4l f\u00e5tt dem under v\u00e5rd.<br \/>\nVi lyckades s\u00f6ka, finna, sk\u00f6rda en bruttolista med ett tjugotal sanna anekdotiskt framf\u00f6rda ber\u00e4ttelser. 5 stycken filmade vi ocks\u00e5 innan vi skildes.<br \/>\nFr\u00e5n noll till storylista + 5 filmer p\u00e5 en dag allts\u00e5.<br \/>\nG\u00f6r om det den som kan.<\/p>\n","protected":false},"excerpt":{"rendered":"<p>Om man ska \u00e4lska ett landsting s\u00e5 m\u00e5ste nog landstinget ber\u00e4tta lite om varifr\u00e5n man kommer, var man befinner sig och vart man \u00e4r p\u00e5 v\u00e4g. Eller kanske helst finna anekdotiska exempel fr\u00e5n d\u00e5et, nuet och den kommande framtiden. Allts\u00e5 enskilda m\u00e4nskliga m\u00f6ten som bekr\u00e4ftar behovet av landstinget. I dag har jag haft en hel&#8230;<\/p>\n","protected":false},"author":2,"featured_media":0,"comment_status":"open","ping_status":"closed","sticky":false,"template":"","format":"standard","meta":[],"categories":[2],"tags":[],"_links":{"self":[{"href":"https:\/\/storytellers.se\/index.php?rest_route=\/wp\/v2\/posts\/3226"}],"collection":[{"href":"https:\/\/storytellers.se\/index.php?rest_route=\/wp\/v2\/posts"}],"about":[{"href":"https:\/\/storytellers.se\/index.php?rest_route=\/wp\/v2\/types\/post"}],"author":[{"embeddable":true,"href":"https:\/\/storytellers.se\/index.php?rest_route=\/wp\/v2\/users\/2"}],"replies":[{"embeddable":true,"href":"https:\/\/storytellers.se\/index.php?rest_route=%2Fwp%2Fv2%2Fcomments&post=3226"}],"version-history":[{"count":0,"href":"https:\/\/storytellers.se\/index.php?rest_route=\/wp\/v2\/posts\/3226\/revisions"}],"wp:attachment":[{"href":"https:\/\/storytellers.se\/index.php?rest_route=%2Fwp%2Fv2%2Fmedia&parent=3226"}],"wp:term":[{"taxonomy":"category","embeddable":true,"href":"https:\/\/storytellers.se\/index.php?rest_route=%2Fwp%2Fv2%2Fcategories&post=3226"},{"taxonomy":"post_tag","embeddable":true,"href":"https:\/\/storytellers.se\/index.php?rest_route=%2Fwp%2Fv2%2Ftags&post=3226"}],"curies":[{"name":"wp","href":"https:\/\/api.w.org\/{rel}","templated":true}]}}